{"id":9047,"date":"2017-07-05T08:28:13","date_gmt":"2017-07-05T06:28:13","guid":{"rendered":"http:\/\/blog.ub.uni-bielefeld.de\/?p=9047"},"modified":"2018-09-07T15:11:38","modified_gmt":"2018-09-07T13:11:38","slug":"die-bibliothek-unterstuetzt-in-pub-publikationen-an-der-universitaet-bielefeld-die-verbreitung-von-orcid-als-globalen-autoren-identifier","status":"publish","type":"post","link":"https:\/\/blog.ub.uni-bielefeld.de\/?p=9047","title":{"rendered":"ORCID als globaler Autoren-Identifier in PUB"},"content":{"rendered":"<div id=\"attachment_9059\" style=\"width: 310px\" class=\"wp-caption alignright\"><a href=\"https:\/\/pub.uni-bielefeld.de\/person\/27436085\"><img aria-describedby=\"caption-attachment-9059\" loading=\"lazy\" src=\"http:\/\/blog.ub.uni-bielefeld.de\/wp-content\/uploads\/2017\/07\/pub_orcid-id-1-300x182.png\" alt=\"Publikationsliste mit ORCID iD in PUB\" width=\"300\" height=\"182\" class=\"size-medium wp-image-9059\" srcset=\"https:\/\/blog.ub.uni-bielefeld.de\/wp-content\/uploads\/2017\/07\/pub_orcid-id-1-300x182.png 300w, https:\/\/blog.ub.uni-bielefeld.de\/wp-content\/uploads\/2017\/07\/pub_orcid-id-1-496x300.png 496w, https:\/\/blog.ub.uni-bielefeld.de\/wp-content\/uploads\/2017\/07\/pub_orcid-id-1.png 509w\" sizes=\"(max-width: 300px) 100vw, 300px\" \/><\/a><p id=\"caption-attachment-9059\" class=\"wp-caption-text\">Publikationsliste mit ORCID iD in PUB<\/p><\/div>\n<p>Schreibt sich der Meier nun mit \u201eei\u201c, \u201eey\u201c, \u201eay\u201c oder \u201eai\u201c oder verwendet er gar mehrere Schreibweisen? Wie kann man Publikationen \u201edem Meier\u201c zuordnen oder wurden sie von einem \u201eanderen Meier\u201c verfasst?<\/p>\n<p>Zur L\u00f6sung dieses Problems werden in Datenbanken den Namen h\u00e4ufig eindeutige Identifier zugeordnet. In PUB (\u201ePublikationen an der Universit\u00e4t Bielefeld\u201c) wird dazu die \u201eBIS PersonenID\u201c verwendet, sie teilt aber einen entscheidenden Nachteil mit einer Reihe anderer Autoren-Identifier: Sie sind h\u00e4ufig nur innerhalb einer Datenbank g\u00fcltig und anwendbar.<\/p>\n<p>Die ORCID iD (&#8222;Open Researcher and Contributor ID&#8220;) hingegen ist global g\u00fcltig. Das ORCID-Profil erm\u00f6glicht zudem, zugeh\u00f6rige Forschungsaktivit\u00e4ten und -ergebnisse zu verkn\u00fcpfen. Folgendes Video zeigt die Vorteile der ORCID iD: <a href=\"https:\/\/vimeo.com\/97150912\">https:\/\/vimeo.com\/97150912<\/a>.<\/p>\n<p>Mit der ORCID-Unterst\u00fctzung erleichtert PUB den Bielefelder Autorinnen und Autoren das Management ihrer Publikationsdaten. Zentral \u00fcber PUB gepflegte Publikationsdaten erscheinen parallel im ORCID-Profil und sorgen auf diese Weise f\u00fcr mehr Sichtbarkeit einer stets aktuellen Publikationsliste. Auch im Falle des Wechsels von Wissenschaftlerinnen und Wissenschaftlern von einer anderen Institution an die Universit\u00e4t Bielefeld kann die im ORCID-Profil hinterlegte Publikationsliste nun wesentlich effizienter in PUB integriert werden. Zugleich verlangen immer mehr Verlage und Forschungsf\u00f6rderer die Angabe einer ORCID iD bei Einreichungen von Publikationen oder Forschungsantr\u00e4gen.<\/p>\n<p>Weitere Informationen und eine kurze Anleitung zu Registrierung und Verbindung von PUB- und ORCID-Profilen finden Sie hier: <a href=\"https:\/\/pub.uni-bielefeld.de\/docs\/howto\/orcid\">https:\/\/pub.uni-bielefeld.de\/docs\/howto\/orcid.<\/a><\/p>\n","protected":false},"excerpt":{"rendered":"<p>Schreibt sich der Meier nun mit \u201eei\u201c, \u201eey\u201c, \u201eay\u201c oder \u201eai\u201c oder verwendet er gar mehrere Schreibweisen? Wie kann man Publikationen \u201edem Meier\u201c zuordnen oder wurden sie von einem \u201eanderen Meier\u201c verfasst? Zur L\u00f6sung dieses Problems werden in Datenbanken den &hellip; <a href=\"https:\/\/blog.ub.uni-bielefeld.de\/?p=9047\">Weiterlesen <span class=\"meta-nav\">&rarr;<\/span><\/a><\/p>\n","protected":false},"author":9,"featured_media":0,"comment_status":"closed","ping_status":"closed","sticky":false,"template":"","format":"standard","meta":[],"categories":[1],"tags":[505,506,116,504],"_links":{"self":[{"href":"https:\/\/blog.ub.uni-bielefeld.de\/index.php?rest_route=\/wp\/v2\/posts\/9047"}],"collection":[{"href":"https:\/\/blog.ub.uni-bielefeld.de\/index.php?rest_route=\/wp\/v2\/posts"}],"about":[{"href":"https:\/\/blog.ub.uni-bielefeld.de\/index.php?rest_route=\/wp\/v2\/types\/post"}],"author":[{"embeddable":true,"href":"https:\/\/blog.ub.uni-bielefeld.de\/index.php?rest_route=\/wp\/v2\/users\/9"}],"replies":[{"embeddable":true,"href":"https:\/\/blog.ub.uni-bielefeld.de\/index.php?rest_route=%2Fwp%2Fv2%2Fcomments&post=9047"}],"version-history":[{"count":13,"href":"https:\/\/blog.ub.uni-bielefeld.de\/index.php?rest_route=\/wp\/v2\/posts\/9047\/revisions"}],"predecessor-version":[{"id":9115,"href":"https:\/\/blog.ub.uni-bielefeld.de\/index.php?rest_route=\/wp\/v2\/posts\/9047\/revisions\/9115"}],"wp:attachment":[{"href":"https:\/\/blog.ub.uni-bielefeld.de\/index.php?rest_route=%2Fwp%2Fv2%2Fmedia&parent=9047"}],"wp:term":[{"taxonomy":"category","embeddable":true,"href":"https:\/\/blog.ub.uni-bielefeld.de\/index.php?rest_route=%2Fwp%2Fv2%2Fcategories&post=9047"},{"taxonomy":"post_tag","embeddable":true,"href":"https:\/\/blog.ub.uni-bielefeld.de\/index.php?rest_route=%2Fwp%2Fv2%2Ftags&post=9047"}],"curies":[{"name":"wp","href":"https:\/\/api.w.org\/{rel}","templated":true}]}}