{"id":9020,"date":"2017-06-29T08:28:40","date_gmt":"2017-06-29T06:28:40","guid":{"rendered":"http:\/\/blog.ub.uni-bielefeld.de\/?p=9020"},"modified":"2018-09-07T15:11:38","modified_gmt":"2018-09-07T13:11:38","slug":"neue-lounge-moebel-im-lernort-plus","status":"publish","type":"post","link":"https:\/\/blog.ub.uni-bielefeld.de\/?p=9020","title":{"rendered":"Neue Lounge-M\u00f6bel im Lernort.plus!"},"content":{"rendered":"<p>Im <a href=\"https:\/\/www.ub.uni-bielefeld.de\/library\/learn\/lernort_plus.htm\">Lernort.<em>plus!<\/em><\/a> ersetzen seit Kurzem neue Lounge-M\u00f6bel die in die Jahre gekommenen Gruppenarbeitspl\u00e4tze.<\/p>\n<div id=\"attachment_9031\" style=\"width: 310px\" class=\"wp-caption alignright\"><a href=\"http:\/\/blog.ub.uni-bielefeld.de\/wp-content\/uploads\/2017\/06\/258-Juni-2017-Lernort_plus-Arbeitsw\u00fcrfel.jpg\" rel=\"attachment wp-att-9031\"><img aria-describedby=\"caption-attachment-9031\" loading=\"lazy\" class=\"wp-image-9031 size-medium\" src=\"http:\/\/blog.ub.uni-bielefeld.de\/wp-content\/uploads\/2017\/06\/258-Juni-2017-Lernort_plus-Arbeitsw\u00fcrfel-300x200.jpg\" alt=\"258 Juni 2017 - Lernort_plus - Arbeitsw\u00fcrfel\" width=\"300\" height=\"200\" srcset=\"https:\/\/blog.ub.uni-bielefeld.de\/wp-content\/uploads\/2017\/06\/258-Juni-2017-Lernort_plus-Arbeitsw\u00fcrfel-300x200.jpg 300w, https:\/\/blog.ub.uni-bielefeld.de\/wp-content\/uploads\/2017\/06\/258-Juni-2017-Lernort_plus-Arbeitsw\u00fcrfel-768x512.jpg 768w, https:\/\/blog.ub.uni-bielefeld.de\/wp-content\/uploads\/2017\/06\/258-Juni-2017-Lernort_plus-Arbeitsw\u00fcrfel-1024x682.jpg 1024w, https:\/\/blog.ub.uni-bielefeld.de\/wp-content\/uploads\/2017\/06\/258-Juni-2017-Lernort_plus-Arbeitsw\u00fcrfel-450x300.jpg 450w, https:\/\/blog.ub.uni-bielefeld.de\/wp-content\/uploads\/2017\/06\/258-Juni-2017-Lernort_plus-Arbeitsw\u00fcrfel.jpg 1772w\" sizes=\"(max-width: 300px) 100vw, 300px\" \/><\/a><p id=\"caption-attachment-9031\" class=\"wp-caption-text\">Arbeitsw\u00fcrfel mit schallabsorbierenden W\u00e4nden<\/p><\/div>\n<p>Die Arbeitsw\u00fcrfel bieten Platz f\u00fcr jeweils vier Personen. Sie erm\u00f6glichen konzentrierte Gruppenarbeit im offenen Lernort und dienen dem Akustikschutz. Neue rollbare und teils h\u00f6henverstellbare Tische k\u00f6nnen flexibel genutzt werden.<\/p>\n<p>In naher Zukunft wird der Lernort.<em>plus!<\/em> zus\u00e4tzlich mit rollbaren Stellw\u00e4nden ausgestattet, um eine bedarfsgerechte Abtrennung unterschiedlicher Arbeitsumgebungen zu erm\u00f6glichen. Die Stellw\u00e4nde haben ebenfalls eine hohe Absorberklasse hinsichtlich der Akustik.<\/p>\n<p>Sie finden den <a href=\"https:\/\/www.ub.uni-bielefeld.de\/library\/learn\/lernort_plus.htm\">Lernort.<em>plus!<\/em><\/a> im Informationszentrum der Bibliothek:<br \/>\nUniversit\u00e4tshauptgeb\u00e4ude, Bauteil U0, Zugang \u00fcber den Bibliothekseingang U1.<\/p>\n<p>\u00d6ffnungszeiten:<br \/>\nMo &#8211; Fr von 08:00 &#8211; 01:00 Uhr<br \/>\nSa + So von 09:00 &#8211; 22:00 Uhr<\/p>\n","protected":false},"excerpt":{"rendered":"<p>Im Lernort.plus! ersetzen seit Kurzem neue Lounge-M\u00f6bel die in die Jahre gekommenen Gruppenarbeitspl\u00e4tze. Die Arbeitsw\u00fcrfel bieten Platz f\u00fcr jeweils vier Personen. Sie erm\u00f6glichen konzentrierte Gruppenarbeit im offenen Lernort und dienen dem Akustikschutz. Neue rollbare und teils h\u00f6henverstellbare Tische k\u00f6nnen flexibel &hellip; <a href=\"https:\/\/blog.ub.uni-bielefeld.de\/?p=9020\">Weiterlesen <span class=\"meta-nav\">&rarr;<\/span><\/a><\/p>\n","protected":false},"author":9,"featured_media":0,"comment_status":"closed","ping_status":"closed","sticky":false,"template":"","format":"standard","meta":[],"categories":[1],"tags":[332],"_links":{"self":[{"href":"https:\/\/blog.ub.uni-bielefeld.de\/index.php?rest_route=\/wp\/v2\/posts\/9020"}],"collection":[{"href":"https:\/\/blog.ub.uni-bielefeld.de\/index.php?rest_route=\/wp\/v2\/posts"}],"about":[{"href":"https:\/\/blog.ub.uni-bielefeld.de\/index.php?rest_route=\/wp\/v2\/types\/post"}],"author":[{"embeddable":true,"href":"https:\/\/blog.ub.uni-bielefeld.de\/index.php?rest_route=\/wp\/v2\/users\/9"}],"replies":[{"embeddable":true,"href":"https:\/\/blog.ub.uni-bielefeld.de\/index.php?rest_route=%2Fwp%2Fv2%2Fcomments&post=9020"}],"version-history":[{"count":12,"href":"https:\/\/blog.ub.uni-bielefeld.de\/index.php?rest_route=\/wp\/v2\/posts\/9020\/revisions"}],"predecessor-version":[{"id":9044,"href":"https:\/\/blog.ub.uni-bielefeld.de\/index.php?rest_route=\/wp\/v2\/posts\/9020\/revisions\/9044"}],"wp:attachment":[{"href":"https:\/\/blog.ub.uni-bielefeld.de\/index.php?rest_route=%2Fwp%2Fv2%2Fmedia&parent=9020"}],"wp:term":[{"taxonomy":"category","embeddable":true,"href":"https:\/\/blog.ub.uni-bielefeld.de\/index.php?rest_route=%2Fwp%2Fv2%2Fcategories&post=9020"},{"taxonomy":"post_tag","embeddable":true,"href":"https:\/\/blog.ub.uni-bielefeld.de\/index.php?rest_route=%2Fwp%2Fv2%2Ftags&post=9020"}],"curies":[{"name":"wp","href":"https:\/\/api.w.org\/{rel}","templated":true}]}}