{"id":9004,"date":"2017-06-12T11:24:50","date_gmt":"2017-06-12T09:24:50","guid":{"rendered":"http:\/\/blog.ub.uni-bielefeld.de\/?p=9004"},"modified":"2023-06-16T07:47:01","modified_gmt":"2023-06-16T05:47:01","slug":"campus-festival-am-22-juni-oeffnungszeiten-der-bibliothek","status":"publish","type":"post","link":"https:\/\/blog.ub.uni-bielefeld.de\/?p=9004","title":{"rendered":"Campus-Festival am 22. Juni: \u00d6ffnungszeiten der Bibliothek"},"content":{"rendered":"<p>Am 22. Juni 2017 findet auf dem Areal zwischen dem Universit\u00e4tshauptgeb\u00e4ude (UHG) und dem Geb\u00e4ude X das <a href=\"http:\/\/www.campusfestival-bielefeld.de\/\">Campus-Festival Bielefeld<\/a> mit Live-Musik, Open Air H\u00f6rsaal-Slam und Party statt.<\/p>\n<p>W\u00e4hrend des Campus-Festivals gelten f\u00fcr die Bibliothek die folgenden \u00d6ffnungszeiten:<\/p>\n<p>Die Eing\u00e4nge zum Geb\u00e4ude X werden ab 15.00 Uhr geschlossen. <strong>Die Fachbibliotheken im Geb\u00e4ude X schlie\u00dfen daher um 15.00 Uhr<\/strong>. Damit stehen alle Services vor Ort (Ausleihe, Abholung vorgemerkter Medien, Nutzung von Semester- und Tischapparaten) nur bis 15.00 Uhr zur Verf\u00fcgung.<\/p>\n<p>Im Universit\u00e4tshauptgeb\u00e4ude (UHG) sind die Zu- und Ausg\u00e4nge in den Z\u00e4hnen D, E und F sowie zwischen diesen Z\u00e4hnen ab 15 Uhr geschlossen. Der Haupteingang (Interim) und s\u00e4mtliche anderen Ein- und Ausg\u00e4nge des UHG k\u00f6nnen regul\u00e4r genutzt werden.<br \/>\n<strong>Die Bibliothek im UHG bleibt auch nach 15.00 Uhr ge\u00f6ffnet.<\/strong> F\u00fcr die Fachbibliotheken im UHG, das Informationszentrum und die Zentrale Leihstelle gelten die \u00fcblichen <a href=\"http:\/\/www.ub.uni-bielefeld.de\/biblio\/hours\/\">\u00d6ffnungszeiten<\/a>.<br \/>\nBitte beachten Sie jedoch, dass mit dem Beginn des Festivals insbesondere in den Fachbibliotheken auf der Nordschiene mit St\u00f6rungen durch die Musik zu rechnen ist.<\/p>\n","protected":false},"excerpt":{"rendered":"<p>Am 22. Juni 2017 findet auf dem Areal zwischen dem Universit\u00e4tshauptgeb\u00e4ude (UHG) und dem Geb\u00e4ude X das Campus-Festival Bielefeld mit Live-Musik, Open Air H\u00f6rsaal-Slam und Party statt. W\u00e4hrend des Campus-Festivals gelten f\u00fcr die Bibliothek die folgenden \u00d6ffnungszeiten: Die Eing\u00e4nge zum &hellip; <a href=\"https:\/\/blog.ub.uni-bielefeld.de\/?p=9004\">Weiterlesen <span class=\"meta-nav\">&rarr;<\/span><\/a><\/p>\n","protected":false},"author":4,"featured_media":0,"comment_status":"closed","ping_status":"closed","sticky":false,"template":"","format":"standard","meta":[],"categories":[1],"tags":[44,450,58],"_links":{"self":[{"href":"https:\/\/blog.ub.uni-bielefeld.de\/index.php?rest_route=\/wp\/v2\/posts\/9004"}],"collection":[{"href":"https:\/\/blog.ub.uni-bielefeld.de\/index.php?rest_route=\/wp\/v2\/posts"}],"about":[{"href":"https:\/\/blog.ub.uni-bielefeld.de\/index.php?rest_route=\/wp\/v2\/types\/post"}],"author":[{"embeddable":true,"href":"https:\/\/blog.ub.uni-bielefeld.de\/index.php?rest_route=\/wp\/v2\/users\/4"}],"replies":[{"embeddable":true,"href":"https:\/\/blog.ub.uni-bielefeld.de\/index.php?rest_route=%2Fwp%2Fv2%2Fcomments&post=9004"}],"version-history":[{"count":3,"href":"https:\/\/blog.ub.uni-bielefeld.de\/index.php?rest_route=\/wp\/v2\/posts\/9004\/revisions"}],"predecessor-version":[{"id":9007,"href":"https:\/\/blog.ub.uni-bielefeld.de\/index.php?rest_route=\/wp\/v2\/posts\/9004\/revisions\/9007"}],"wp:attachment":[{"href":"https:\/\/blog.ub.uni-bielefeld.de\/index.php?rest_route=%2Fwp%2Fv2%2Fmedia&parent=9004"}],"wp:term":[{"taxonomy":"category","embeddable":true,"href":"https:\/\/blog.ub.uni-bielefeld.de\/index.php?rest_route=%2Fwp%2Fv2%2Fcategories&post=9004"},{"taxonomy":"post_tag","embeddable":true,"href":"https:\/\/blog.ub.uni-bielefeld.de\/index.php?rest_route=%2Fwp%2Fv2%2Ftags&post=9004"}],"curies":[{"name":"wp","href":"https:\/\/api.w.org\/{rel}","templated":true}]}}