{"id":8848,"date":"2017-04-07T11:20:12","date_gmt":"2017-04-07T10:20:12","guid":{"rendered":"http:\/\/blog.ub.uni-bielefeld.de\/?p=8848"},"modified":"2018-09-07T15:11:38","modified_gmt":"2018-09-07T13:11:38","slug":"diskussionsraeume-im-uhg-mit-durchblick","status":"publish","type":"post","link":"https:\/\/blog.ub.uni-bielefeld.de\/?p=8848","title":{"rendered":"Diskussionsr\u00e4ume im UHG mit &#8222;Durchblick&#8220;"},"content":{"rendered":"<p>Die Diskussionsr\u00e4ume im Universit\u00e4tshauptgeb\u00e4ude (UHG) verf\u00fcgen \u00fcber kein direktes Tageslicht, aber Glaselemente, die jetzt in die T\u00fcren eingesetzt wurden, schaffen nun eine sp\u00fcrbar angenehmere und transparentere Lern- und Arbeitsatmosph\u00e4re.<\/p>\n<div id=\"attachment_8903\" style=\"width: 310px\" class=\"wp-caption alignright\"><a href=\"http:\/\/blog.ub.uni-bielefeld.de\/wp-content\/uploads\/2017\/04\/250-M\u00e4rz-2017-Schulungsraum-C1-T\u00fcrverglasung-Foto-Susanne-Freitag.jpg\" rel=\"attachment wp-att-8903\"><img aria-describedby=\"caption-attachment-8903\" loading=\"lazy\" class=\"size-medium wp-image-8903\" src=\"http:\/\/blog.ub.uni-bielefeld.de\/wp-content\/uploads\/2017\/04\/250-M\u00e4rz-2017-Schulungsraum-C1-T\u00fcrverglasung-Foto-Susanne-Freitag-300x200.jpg\" alt=\"Diskussionsraum in der Fachbibliothek Linguistik und Literaturwissenschaft\" width=\"300\" height=\"200\" srcset=\"https:\/\/blog.ub.uni-bielefeld.de\/wp-content\/uploads\/2017\/04\/250-M\u00e4rz-2017-Schulungsraum-C1-T\u00fcrverglasung-Foto-Susanne-Freitag-300x200.jpg 300w, https:\/\/blog.ub.uni-bielefeld.de\/wp-content\/uploads\/2017\/04\/250-M\u00e4rz-2017-Schulungsraum-C1-T\u00fcrverglasung-Foto-Susanne-Freitag-768x511.jpg 768w, https:\/\/blog.ub.uni-bielefeld.de\/wp-content\/uploads\/2017\/04\/250-M\u00e4rz-2017-Schulungsraum-C1-T\u00fcrverglasung-Foto-Susanne-Freitag-1024x681.jpg 1024w, https:\/\/blog.ub.uni-bielefeld.de\/wp-content\/uploads\/2017\/04\/250-M\u00e4rz-2017-Schulungsraum-C1-T\u00fcrverglasung-Foto-Susanne-Freitag-451x300.jpg 451w, https:\/\/blog.ub.uni-bielefeld.de\/wp-content\/uploads\/2017\/04\/250-M\u00e4rz-2017-Schulungsraum-C1-T\u00fcrverglasung-Foto-Susanne-Freitag.jpg 1772w\" sizes=\"(max-width: 300px) 100vw, 300px\" \/><\/a><p id=\"caption-attachment-8903\" class=\"wp-caption-text\">Diskussionsraum mit SMART Board in der Fachbibliothek Linguistik und Literaturwissenschaft<\/p><\/div>\n<p>Weitere Ma\u00dfnahmen zur Verbesserung der Diskussionsr\u00e4ume im UHG sieht ein Stufenplan vor: die R\u00e4ume sollen neu angestrichen werden und in den gr\u00f6\u00dferen Diskussionsr\u00e4umen soll das vorhandene Mobiliar durch mobile Tische auf Rollen ersetzt werden, um Lerngruppen mehr Flexibilit\u00e4t zu bieten.<\/p>\n<p>Tageslicht, mehr Transparenz und eine angenehmere Lernatmosph\u00e4re &#8211; dies waren W\u00fcnsche, die Studierende uns bei der letzten <a href=\"http:\/\/www.ub.uni-bielefeld.de\/div\/pdf\/Benutzerbefragung_2016.pdf\">Nutzerbefragung <\/a>der Bibliothek f\u00fcr die Diskussionsr\u00e4ume in den Fachbibliotheken im Universit\u00e4tshauptgeb\u00e4ude mit auf den Weg gaben.<\/p>\n<p>Informationen \u00fcber alle Diskussionsr\u00e4ume in der Bibliothek und ihre Ausstattung finden Sie unter: <a href=\"http:\/\/www.ub.uni-bielefeld.de\/library\/learn\/diskussionsraeume.htm\">http:\/\/www.ub.uni-bielefeld.de\/library\/learn\/diskussionsraeume.htm<\/a><\/p>\n","protected":false},"excerpt":{"rendered":"<p>Die Diskussionsr\u00e4ume im Universit\u00e4tshauptgeb\u00e4ude (UHG) verf\u00fcgen \u00fcber kein direktes Tageslicht, aber Glaselemente, die jetzt in die T\u00fcren eingesetzt wurden, schaffen nun eine sp\u00fcrbar angenehmere und transparentere Lern- und Arbeitsatmosph\u00e4re. Weitere Ma\u00dfnahmen zur Verbesserung der Diskussionsr\u00e4ume im UHG sieht ein Stufenplan &hellip; <a href=\"https:\/\/blog.ub.uni-bielefeld.de\/?p=8848\">Weiterlesen <span class=\"meta-nav\">&rarr;<\/span><\/a><\/p>\n","protected":false},"author":9,"featured_media":0,"comment_status":"closed","ping_status":"closed","sticky":false,"template":"","format":"standard","meta":[],"categories":[1],"tags":[487,488],"_links":{"self":[{"href":"https:\/\/blog.ub.uni-bielefeld.de\/index.php?rest_route=\/wp\/v2\/posts\/8848"}],"collection":[{"href":"https:\/\/blog.ub.uni-bielefeld.de\/index.php?rest_route=\/wp\/v2\/posts"}],"about":[{"href":"https:\/\/blog.ub.uni-bielefeld.de\/index.php?rest_route=\/wp\/v2\/types\/post"}],"author":[{"embeddable":true,"href":"https:\/\/blog.ub.uni-bielefeld.de\/index.php?rest_route=\/wp\/v2\/users\/9"}],"replies":[{"embeddable":true,"href":"https:\/\/blog.ub.uni-bielefeld.de\/index.php?rest_route=%2Fwp%2Fv2%2Fcomments&post=8848"}],"version-history":[{"count":44,"href":"https:\/\/blog.ub.uni-bielefeld.de\/index.php?rest_route=\/wp\/v2\/posts\/8848\/revisions"}],"predecessor-version":[{"id":8924,"href":"https:\/\/blog.ub.uni-bielefeld.de\/index.php?rest_route=\/wp\/v2\/posts\/8848\/revisions\/8924"}],"wp:attachment":[{"href":"https:\/\/blog.ub.uni-bielefeld.de\/index.php?rest_route=%2Fwp%2Fv2%2Fmedia&parent=8848"}],"wp:term":[{"taxonomy":"category","embeddable":true,"href":"https:\/\/blog.ub.uni-bielefeld.de\/index.php?rest_route=%2Fwp%2Fv2%2Fcategories&post=8848"},{"taxonomy":"post_tag","embeddable":true,"href":"https:\/\/blog.ub.uni-bielefeld.de\/index.php?rest_route=%2Fwp%2Fv2%2Ftags&post=8848"}],"curies":[{"name":"wp","href":"https:\/\/api.w.org\/{rel}","templated":true}]}}