{"id":8833,"date":"2017-03-23T08:58:28","date_gmt":"2017-03-23T07:58:28","guid":{"rendered":"http:\/\/blog.ub.uni-bielefeld.de\/?p=8833"},"modified":"2018-09-07T15:11:38","modified_gmt":"2018-09-07T13:11:38","slug":"ausfall-der-fernleihe-vom-26-3-bis-zum-28-3-2017","status":"publish","type":"post","link":"https:\/\/blog.ub.uni-bielefeld.de\/?p=8833","title":{"rendered":"Ausfall der Fernleihe vom 26.3. bis zum 28.3.2017"},"content":{"rendered":"<p>Aufgrund umfangreicher Wartungsarbeiten am Fernleih-System im Hochschulbibliothekszentrum K\u00f6ln steht die Fernleihe f\u00fcr B\u00fccher und Aufs\u00e4tze von Sonntag, 26. M\u00e4rz 2017 12 Uhr, bis voraussichtlich Dienstag, 28. M\u00e4rz 2017 10 Uhr nicht zur Verf\u00fcgung. Wir bitten um Ihr Verst\u00e4ndnis.<\/p>\n","protected":false},"excerpt":{"rendered":"<p>Aufgrund umfangreicher Wartungsarbeiten am Fernleih-System im Hochschulbibliothekszentrum K\u00f6ln steht die Fernleihe f\u00fcr B\u00fccher und Aufs\u00e4tze von Sonntag, 26. M\u00e4rz 2017 12 Uhr, bis voraussichtlich Dienstag, 28. M\u00e4rz 2017 10 Uhr nicht zur Verf\u00fcgung. Wir bitten um Ihr Verst\u00e4ndnis.<\/p>\n","protected":false},"author":7,"featured_media":0,"comment_status":"closed","ping_status":"closed","sticky":false,"template":"","format":"standard","meta":[],"categories":[1],"tags":[91,253],"_links":{"self":[{"href":"https:\/\/blog.ub.uni-bielefeld.de\/index.php?rest_route=\/wp\/v2\/posts\/8833"}],"collection":[{"href":"https:\/\/blog.ub.uni-bielefeld.de\/index.php?rest_route=\/wp\/v2\/posts"}],"about":[{"href":"https:\/\/blog.ub.uni-bielefeld.de\/index.php?rest_route=\/wp\/v2\/types\/post"}],"author":[{"embeddable":true,"href":"https:\/\/blog.ub.uni-bielefeld.de\/index.php?rest_route=\/wp\/v2\/users\/7"}],"replies":[{"embeddable":true,"href":"https:\/\/blog.ub.uni-bielefeld.de\/index.php?rest_route=%2Fwp%2Fv2%2Fcomments&post=8833"}],"version-history":[{"count":4,"href":"https:\/\/blog.ub.uni-bielefeld.de\/index.php?rest_route=\/wp\/v2\/posts\/8833\/revisions"}],"predecessor-version":[{"id":8837,"href":"https:\/\/blog.ub.uni-bielefeld.de\/index.php?rest_route=\/wp\/v2\/posts\/8833\/revisions\/8837"}],"wp:attachment":[{"href":"https:\/\/blog.ub.uni-bielefeld.de\/index.php?rest_route=%2Fwp%2Fv2%2Fmedia&parent=8833"}],"wp:term":[{"taxonomy":"category","embeddable":true,"href":"https:\/\/blog.ub.uni-bielefeld.de\/index.php?rest_route=%2Fwp%2Fv2%2Fcategories&post=8833"},{"taxonomy":"post_tag","embeddable":true,"href":"https:\/\/blog.ub.uni-bielefeld.de\/index.php?rest_route=%2Fwp%2Fv2%2Ftags&post=8833"}],"curies":[{"name":"wp","href":"https:\/\/api.w.org\/{rel}","templated":true}]}}