{"id":13350,"date":"2024-06-17T10:47:29","date_gmt":"2024-06-17T08:47:29","guid":{"rendered":"https:\/\/blog.ub.uni-bielefeld.de\/?p=13350"},"modified":"2024-06-18T21:43:05","modified_gmt":"2024-06-18T19:43:05","slug":"lernort-plus-am-18-juni-ab-14-uhr-geschlossen","status":"publish","type":"post","link":"https:\/\/blog.ub.uni-bielefeld.de\/?p=13350","title":{"rendered":"Lernort.plus! am 18. Juni ab 14 Uhr geschlossen"},"content":{"rendered":"\n<p>Wegen der <a href=\"https:\/\/blog.ub.uni-bielefeld.de\/?p=13208\" target=\"_blank\" rel=\"noreferrer noopener\">Lesung von Manfred L\u00fctz<\/a> stehen die Arbeitspl\u00e4tze und der Lernort.<em>plus<\/em>! im Bauteil U0 am 18. Juni (Dienstag) von 14 bis voraussichtlich 22 Uhr nicht zur Verf\u00fcgung. Wir bitten Sie, in dieser Zeit auf die <a href=\"https:\/\/www.uni-bielefeld.de\/ub\/learn\/space\/\" target=\"_blank\" rel=\"noreferrer noopener\">Leses\u00e4le und Arbeitsorte<\/a> anderer Fachbibliotheken auszuweichen.<\/p>\n\n\n\n<p>Alle Buch- und Medienbest\u00e4nde im Bauteil U0 sind von der Veranstaltung nicht betroffen und stehen uneingeschr\u00e4nkt zur Verf\u00fcgung. Der Sonderlesesaal und die Servicetheke des Bibliotheksdienstleistungszentrums in U0 sind ebenfalls regul\u00e4r ge\u00f6ffnet.<\/p>\n\n\n\n<p>Vielen Dank f\u00fcr Ihr Verst\u00e4ndnis.<\/p>\n","protected":false},"excerpt":{"rendered":"<p>Wegen der Lesung von Manfred L\u00fctz stehen die Arbeitspl\u00e4tze und der Lernort.plus! im Bauteil U0 am 18. Juni (Dienstag) von 14 bis voraussichtlich 22 Uhr nicht zur Verf\u00fcgung. Wir bitten Sie, in dieser Zeit auf die Leses\u00e4le und Arbeitsorte anderer &hellip; <a href=\"https:\/\/blog.ub.uni-bielefeld.de\/?p=13350\">Weiterlesen <span class=\"meta-nav\">&rarr;<\/span><\/a><\/p>\n","protected":false},"author":21,"featured_media":0,"comment_status":"closed","ping_status":"closed","sticky":false,"template":"","format":"standard","meta":[],"categories":[1],"tags":[784,332,249,821,617],"_links":{"self":[{"href":"https:\/\/blog.ub.uni-bielefeld.de\/index.php?rest_route=\/wp\/v2\/posts\/13350"}],"collection":[{"href":"https:\/\/blog.ub.uni-bielefeld.de\/index.php?rest_route=\/wp\/v2\/posts"}],"about":[{"href":"https:\/\/blog.ub.uni-bielefeld.de\/index.php?rest_route=\/wp\/v2\/types\/post"}],"author":[{"embeddable":true,"href":"https:\/\/blog.ub.uni-bielefeld.de\/index.php?rest_route=\/wp\/v2\/users\/21"}],"replies":[{"embeddable":true,"href":"https:\/\/blog.ub.uni-bielefeld.de\/index.php?rest_route=%2Fwp%2Fv2%2Fcomments&post=13350"}],"version-history":[{"count":3,"href":"https:\/\/blog.ub.uni-bielefeld.de\/index.php?rest_route=\/wp\/v2\/posts\/13350\/revisions"}],"predecessor-version":[{"id":13353,"href":"https:\/\/blog.ub.uni-bielefeld.de\/index.php?rest_route=\/wp\/v2\/posts\/13350\/revisions\/13353"}],"wp:attachment":[{"href":"https:\/\/blog.ub.uni-bielefeld.de\/index.php?rest_route=%2Fwp%2Fv2%2Fmedia&parent=13350"}],"wp:term":[{"taxonomy":"category","embeddable":true,"href":"https:\/\/blog.ub.uni-bielefeld.de\/index.php?rest_route=%2Fwp%2Fv2%2Fcategories&post=13350"},{"taxonomy":"post_tag","embeddable":true,"href":"https:\/\/blog.ub.uni-bielefeld.de\/index.php?rest_route=%2Fwp%2Fv2%2Ftags&post=13350"}],"curies":[{"name":"wp","href":"https:\/\/api.w.org\/{rel}","templated":true}]}}