{"id":13341,"date":"2024-06-13T13:34:05","date_gmt":"2024-06-13T11:34:05","guid":{"rendered":"https:\/\/blog.ub.uni-bielefeld.de\/?p=13341"},"modified":"2024-06-24T17:38:46","modified_gmt":"2024-06-24T15:38:46","slug":"campus-festival-am-20-juni-oeffnungszeiten-der-bibliothek","status":"publish","type":"post","link":"https:\/\/blog.ub.uni-bielefeld.de\/?p=13341","title":{"rendered":"Campus-Festival am 20. Juni: \u00d6ffnungszeiten der Bibliothek"},"content":{"rendered":"\n<p>Am 20. Juni 2024 findet auf dem Areal zwischen dem Universit\u00e4tshauptgeb\u00e4ude (UHG) und dem Geb\u00e4ude X das <a href=\"http:\/\/www.campusfestival-bielefeld.de\/\">Campus-Festival Bielefeld<\/a> statt.<\/p>\n\n\n\n<p>W\u00e4hrend des Campus-Festivals gelten f\u00fcr die Bibliothek die folgenden \u00d6ffnungszeiten:<\/p>\n\n\n\n<p><strong>Die Fachbibliothek IUB schlie\u00dft um 14:00 Uhr<\/strong>.<\/p>\n\n\n\n<p>Die Eing\u00e4nge zum Geb\u00e4ude X werden ab 14:00 Uhr geschlossen. Nach 14:00 Uhr kann das Geb\u00e4ude nur noch durch den Ausgang zum Sozialen Feld am Ende der Magistrale verlassen werden. <strong>Die Fachbibliothek Geb\u00e4ude X schlie\u00dft um 15:00 Uhr<\/strong>.<\/p>\n\n\n\n<p>Im Universit\u00e4tshauptgeb\u00e4ude (UHG) sind die Zu- und Ausg\u00e4nge in den Z\u00e4hnen D, E und F sowie zwischen diesen Z\u00e4hnen ab 14:00 Uhr geschlossen. Der Haupteingang und s\u00e4mtliche anderen Ein- und Ausg\u00e4nge des UHG k\u00f6nnen regul\u00e4r genutzt werden.<br><strong>Die Bibliothek im UHG bleibt auch nach 15:00 Uhr ge\u00f6ffnet.<\/strong> Es gelten die \u00fcblichen <a href=\"https:\/\/www.ub.uni-bielefeld.de\/ub\/contact\/hours\/\">\u00d6ffnungszeiten<\/a>. Bitte beachten Sie jedoch, dass mit dem Beginn des Festivals insbesondere in der Fachbibliothek UHG-I (Bauteile D-E) mit St\u00f6rungen durch die Musik zu rechnen ist.<\/p>\n","protected":false},"excerpt":{"rendered":"<p>Am 20. Juni 2024 findet auf dem Areal zwischen dem Universit\u00e4tshauptgeb\u00e4ude (UHG) und dem Geb\u00e4ude X das Campus-Festival Bielefeld statt. W\u00e4hrend des Campus-Festivals gelten f\u00fcr die Bibliothek die folgenden \u00d6ffnungszeiten: Die Fachbibliothek IUB schlie\u00dft um 14:00 Uhr. Die Eing\u00e4nge zum &hellip; <a href=\"https:\/\/blog.ub.uni-bielefeld.de\/?p=13341\">Weiterlesen <span class=\"meta-nav\">&rarr;<\/span><\/a><\/p>\n","protected":false},"author":4,"featured_media":0,"comment_status":"closed","ping_status":"closed","sticky":false,"template":"","format":"standard","meta":[],"categories":[1],"tags":[44,450,58],"_links":{"self":[{"href":"https:\/\/blog.ub.uni-bielefeld.de\/index.php?rest_route=\/wp\/v2\/posts\/13341"}],"collection":[{"href":"https:\/\/blog.ub.uni-bielefeld.de\/index.php?rest_route=\/wp\/v2\/posts"}],"about":[{"href":"https:\/\/blog.ub.uni-bielefeld.de\/index.php?rest_route=\/wp\/v2\/types\/post"}],"author":[{"embeddable":true,"href":"https:\/\/blog.ub.uni-bielefeld.de\/index.php?rest_route=\/wp\/v2\/users\/4"}],"replies":[{"embeddable":true,"href":"https:\/\/blog.ub.uni-bielefeld.de\/index.php?rest_route=%2Fwp%2Fv2%2Fcomments&post=13341"}],"version-history":[{"count":7,"href":"https:\/\/blog.ub.uni-bielefeld.de\/index.php?rest_route=\/wp\/v2\/posts\/13341\/revisions"}],"predecessor-version":[{"id":13349,"href":"https:\/\/blog.ub.uni-bielefeld.de\/index.php?rest_route=\/wp\/v2\/posts\/13341\/revisions\/13349"}],"wp:attachment":[{"href":"https:\/\/blog.ub.uni-bielefeld.de\/index.php?rest_route=%2Fwp%2Fv2%2Fmedia&parent=13341"}],"wp:term":[{"taxonomy":"category","embeddable":true,"href":"https:\/\/blog.ub.uni-bielefeld.de\/index.php?rest_route=%2Fwp%2Fv2%2Fcategories&post=13341"},{"taxonomy":"post_tag","embeddable":true,"href":"https:\/\/blog.ub.uni-bielefeld.de\/index.php?rest_route=%2Fwp%2Fv2%2Ftags&post=13341"}],"curies":[{"name":"wp","href":"https:\/\/api.w.org\/{rel}","templated":true}]}}