{"id":13329,"date":"2024-06-06T15:06:23","date_gmt":"2024-06-06T13:06:23","guid":{"rendered":"https:\/\/blog.ub.uni-bielefeld.de\/?p=13329"},"modified":"2024-06-13T08:17:48","modified_gmt":"2024-06-13T06:17:48","slug":"schliessung-der-fachbibliothek-iub-am-12-06-vormittags","status":"publish","type":"post","link":"https:\/\/blog.ub.uni-bielefeld.de\/?p=13329","title":{"rendered":"Schlie\u00dfung der Fachbibliothek IUB am 12.06. vormittags"},"content":{"rendered":"\n<p>Aufgrund notwendiger Elektroarbeiten muss das Interimsgeb\u00e4ude der Universit\u00e4tsbibliothek (IUB) am 12. Juni (Mittwoch) f\u00fcr einige Stunden von der Stromversorgung getrennt werden. Die Fachbibliothek IUB bleibt daher an diesem Tag vormittags f\u00fcr die Benutzung geschlossen. Nach erfolgreichem Abschluss der Elektroarbeiten \u2013 voraussichtlich ab 12:00 Uhr \u2013 wird die Fachbibliothek wieder ge\u00f6ffnet sein.<\/p>\n\n\n\n<p>Bitte weichen Sie w\u00e4hrend der geplanten Ma\u00dfnahmen auf <a href=\"https:\/\/www.uni-bielefeld.de\/ub\/learn\/space\/\" target=\"_blank\" rel=\"noreferrer noopener\">Arbeitspl\u00e4tze in anderen Fachbibliotheken<\/a> aus. Die im IUB ausgeliehenen Medien k\u00f6nnen an den Selbstverbuchern und Ausleihterminals in anderen Fachbibliotheken zur\u00fcckgebracht werden.<\/p>\n\n\n\n<p>Wir danken f\u00fcr Ihr Verst\u00e4ndnis!<\/p>\n","protected":false},"excerpt":{"rendered":"<p>Aufgrund notwendiger Elektroarbeiten muss das Interimsgeb\u00e4ude der Universit\u00e4tsbibliothek (IUB) am 12. Juni (Mittwoch) f\u00fcr einige Stunden von der Stromversorgung getrennt werden. Die Fachbibliothek IUB bleibt daher an diesem Tag vormittags f\u00fcr die Benutzung geschlossen. Nach erfolgreichem Abschluss der Elektroarbeiten \u2013 &hellip; <a href=\"https:\/\/blog.ub.uni-bielefeld.de\/?p=13329\">Weiterlesen <span class=\"meta-nav\">&rarr;<\/span><\/a><\/p>\n","protected":false},"author":21,"featured_media":0,"comment_status":"closed","ping_status":"closed","sticky":false,"template":"","format":"standard","meta":[],"categories":[1],"tags":[817,617],"_links":{"self":[{"href":"https:\/\/blog.ub.uni-bielefeld.de\/index.php?rest_route=\/wp\/v2\/posts\/13329"}],"collection":[{"href":"https:\/\/blog.ub.uni-bielefeld.de\/index.php?rest_route=\/wp\/v2\/posts"}],"about":[{"href":"https:\/\/blog.ub.uni-bielefeld.de\/index.php?rest_route=\/wp\/v2\/types\/post"}],"author":[{"embeddable":true,"href":"https:\/\/blog.ub.uni-bielefeld.de\/index.php?rest_route=\/wp\/v2\/users\/21"}],"replies":[{"embeddable":true,"href":"https:\/\/blog.ub.uni-bielefeld.de\/index.php?rest_route=%2Fwp%2Fv2%2Fcomments&post=13329"}],"version-history":[{"count":5,"href":"https:\/\/blog.ub.uni-bielefeld.de\/index.php?rest_route=\/wp\/v2\/posts\/13329\/revisions"}],"predecessor-version":[{"id":13334,"href":"https:\/\/blog.ub.uni-bielefeld.de\/index.php?rest_route=\/wp\/v2\/posts\/13329\/revisions\/13334"}],"wp:attachment":[{"href":"https:\/\/blog.ub.uni-bielefeld.de\/index.php?rest_route=%2Fwp%2Fv2%2Fmedia&parent=13329"}],"wp:term":[{"taxonomy":"category","embeddable":true,"href":"https:\/\/blog.ub.uni-bielefeld.de\/index.php?rest_route=%2Fwp%2Fv2%2Fcategories&post=13329"},{"taxonomy":"post_tag","embeddable":true,"href":"https:\/\/blog.ub.uni-bielefeld.de\/index.php?rest_route=%2Fwp%2Fv2%2Ftags&post=13329"}],"curies":[{"name":"wp","href":"https:\/\/api.w.org\/{rel}","templated":true}]}}