{"id":13259,"date":"2024-05-27T13:02:32","date_gmt":"2024-05-27T11:02:32","guid":{"rendered":"https:\/\/blog.ub.uni-bielefeld.de\/?p=13259"},"modified":"2024-07-01T10:37:56","modified_gmt":"2024-07-01T08:37:56","slug":"stadtgestalten-fotoreise-durch-die-baukultur-deutschlands-und-der-niederlande","status":"publish","type":"post","link":"https:\/\/blog.ub.uni-bielefeld.de\/?p=13259","title":{"rendered":"StadtGestalten: Fotoreise durch die Baukultur Deutschlands und der Niederlande"},"content":{"rendered":"\n<p><strong>Ab dem 28. Mai laden das Zentrum f\u00fcr \u00c4sthetik und die Uni-Bibliothek zu einer neuen Fotoausstellung ein. Unter dem Titel <em>Stadt<\/em>Gestalten pr\u00e4sentieren Bernd Lange, Tina Eck und Susan Wright eine Sammlung von 30 Fotoaufnahmen, welche die st\u00e4dtebauliche Kultur Deutschlands und der Niederlande in ihrer ganzen Vielfalt dokumentieren. Die Ausstellung ist bis zum 28. Juni im Bauteil U0 (Eingang \u00fcber U1) w\u00e4hrend der \u00d6ffnungszeiten der Bibliothek zu sehen.<\/strong><\/p>\n\n\n\n<div class=\"wp-block-image\"><figure class=\"alignleft size-large is-resized\"><a href=\"https:\/\/blog.ub.uni-bielefeld.de\/wp-content\/uploads\/2024\/05\/stadtgestalten.jpg\" target=\"_blank\" rel=\"noopener\"><img src=\"https:\/\/blog.ub.uni-bielefeld.de\/wp-content\/uploads\/2024\/05\/stadtgestalten-729x1024.jpg\" alt=\"Plakt f\u00fcr die Ausstellung &quot;StadtGestalten&quot;\" class=\"wp-image-13262\" width=\"325\" srcset=\"https:\/\/blog.ub.uni-bielefeld.de\/wp-content\/uploads\/2024\/05\/stadtgestalten-729x1024.jpg 729w, https:\/\/blog.ub.uni-bielefeld.de\/wp-content\/uploads\/2024\/05\/stadtgestalten-213x300.jpg 213w, https:\/\/blog.ub.uni-bielefeld.de\/wp-content\/uploads\/2024\/05\/stadtgestalten-768x1079.jpg 768w, https:\/\/blog.ub.uni-bielefeld.de\/wp-content\/uploads\/2024\/05\/stadtgestalten-1093x1536.jpg 1093w, https:\/\/blog.ub.uni-bielefeld.de\/wp-content\/uploads\/2024\/05\/stadtgestalten-1457x2048.jpg 1457w, https:\/\/blog.ub.uni-bielefeld.de\/wp-content\/uploads\/2024\/05\/stadtgestalten.jpg 1790w\" sizes=\"(max-width: 729px) 100vw, 729px\" \/><\/a><figcaption><small>\u00a9 Zentrum f\u00fcr \u00c4sthetik<\/small><\/figcaption><\/figure><\/div>\n\n\n\n<p>Die Fotosammlung <em>Stadt<\/em><strong>Gestalten<\/strong> umfasst sowohl abstrakte urbane Motive als auch Aufnahmen deutscher und niederl\u00e4ndischer Bauwerke \u2013 von Eisenh\u00fcttenstadt an der deutsch-polnischen Grenze bis zur Hafenstadt Rotterdam in S\u00fcdholland. Neben der geografischen Vielfalt bietet die Ausstellung einen visuellen \u00dcberblick \u00fcber traditionelle sowie moderne Baustile beider L\u00e4nder.<\/p>\n\n\n\n<p>Die Fotoausstellung <em>Stadt<\/em><strong>Gestalten<\/strong> wird am Dienstag, den 28. Mai, um 18:30 Uhr er\u00f6ffnet. Die Vernissage findet im Bauteil U0 (Eingang \u00fcber U1) statt. Unter den G\u00e4sten werden auch die drei Fotok\u00fcnstler*innen anwesend sein.<\/p>\n","protected":false},"excerpt":{"rendered":"<p>Ab dem 28. Mai laden das Zentrum f\u00fcr \u00c4sthetik und die Uni-Bibliothek zu einer neuen Fotoausstellung ein. Unter dem Titel StadtGestalten pr\u00e4sentieren Bernd Lange, Tina Eck und Susan Wright eine Sammlung von 30 Fotoaufnahmen, welche die st\u00e4dtebauliche Kultur Deutschlands und &hellip; <a href=\"https:\/\/blog.ub.uni-bielefeld.de\/?p=13259\">Weiterlesen <span class=\"meta-nav\">&rarr;<\/span><\/a><\/p>\n","protected":false},"author":21,"featured_media":0,"comment_status":"closed","ping_status":"closed","sticky":false,"template":"","format":"standard","meta":[],"categories":[1],"tags":[30,784,806,407],"_links":{"self":[{"href":"https:\/\/blog.ub.uni-bielefeld.de\/index.php?rest_route=\/wp\/v2\/posts\/13259"}],"collection":[{"href":"https:\/\/blog.ub.uni-bielefeld.de\/index.php?rest_route=\/wp\/v2\/posts"}],"about":[{"href":"https:\/\/blog.ub.uni-bielefeld.de\/index.php?rest_route=\/wp\/v2\/types\/post"}],"author":[{"embeddable":true,"href":"https:\/\/blog.ub.uni-bielefeld.de\/index.php?rest_route=\/wp\/v2\/users\/21"}],"replies":[{"embeddable":true,"href":"https:\/\/blog.ub.uni-bielefeld.de\/index.php?rest_route=%2Fwp%2Fv2%2Fcomments&post=13259"}],"version-history":[{"count":8,"href":"https:\/\/blog.ub.uni-bielefeld.de\/index.php?rest_route=\/wp\/v2\/posts\/13259\/revisions"}],"predecessor-version":[{"id":13275,"href":"https:\/\/blog.ub.uni-bielefeld.de\/index.php?rest_route=\/wp\/v2\/posts\/13259\/revisions\/13275"}],"wp:attachment":[{"href":"https:\/\/blog.ub.uni-bielefeld.de\/index.php?rest_route=%2Fwp%2Fv2%2Fmedia&parent=13259"}],"wp:term":[{"taxonomy":"category","embeddable":true,"href":"https:\/\/blog.ub.uni-bielefeld.de\/index.php?rest_route=%2Fwp%2Fv2%2Fcategories&post=13259"},{"taxonomy":"post_tag","embeddable":true,"href":"https:\/\/blog.ub.uni-bielefeld.de\/index.php?rest_route=%2Fwp%2Fv2%2Ftags&post=13259"}],"curies":[{"name":"wp","href":"https:\/\/api.w.org\/{rel}","templated":true}]}}