{"id":13248,"date":"2024-06-11T16:27:41","date_gmt":"2024-06-11T14:27:41","guid":{"rendered":"https:\/\/blog.ub.uni-bielefeld.de\/?p=13248"},"modified":"2024-10-09T09:22:53","modified_gmt":"2024-10-09T07:22:53","slug":"das-iub-offiziell-eroeffnet","status":"publish","type":"post","link":"https:\/\/blog.ub.uni-bielefeld.de\/?p=13248","title":{"rendered":"IUB offiziell er\u00f6ffnet"},"content":{"rendered":"\n<p>Nach den rechtzeitig abgeschlossenen Bau- und Umzugsarbeiten wurde das Interimsgeb\u00e4ude der Universit\u00e4tsbibliothek (IUB) wie geplant im Mai <a rel=\"noreferrer noopener\" href=\"https:\/\/blog.ub.uni-bielefeld.de\/?p=13198\" target=\"_blank\">f\u00fcr die regul\u00e4re Benutzung ge\u00f6ffnet<\/a>. Am Montag, den 3. Juni, fand die offizielle Er\u00f6ffnung des IUB statt. Kanzler der Universit\u00e4t Dr. Stephan Becker, Dekan der Fakult\u00e4t f\u00fcr Linguistik und Literaturwissenschaft (LiLi) Prof. Dr. Johannes Voit, Bibliotheksdirektorin Barbara Knorn sowie Dezernentin f\u00fcr Bibliotheksbenutzung und Baubeauftragte der Bibliothek Dr. Sabine Rahmsdorf \u00fcberzeugten sich an dem Tag pers\u00f6nlich vom erfolgreichen Betriebsstart des neuen Bibliotheksgeb\u00e4udes und w\u00fcnschten dem Fachpersonal vor Ort viel Erfolg in den neuen R\u00e4umlichkeiten.<\/p>\n\n\n\n<figure class=\"wp-block-image size-large\"><a href=\"https:\/\/blog.ub.uni-bielefeld.de\/wp-content\/uploads\/2024\/06\/iub_eroeffnung.jpg\"><img loading=\"lazy\" width=\"1024\" height=\"683\" src=\"https:\/\/blog.ub.uni-bielefeld.de\/wp-content\/uploads\/2024\/06\/iub_eroeffnung-1024x683.jpg\" alt=\"\" class=\"wp-image-13321\" srcset=\"https:\/\/blog.ub.uni-bielefeld.de\/wp-content\/uploads\/2024\/06\/iub_eroeffnung-1024x683.jpg 1024w, https:\/\/blog.ub.uni-bielefeld.de\/wp-content\/uploads\/2024\/06\/iub_eroeffnung-300x200.jpg 300w, https:\/\/blog.ub.uni-bielefeld.de\/wp-content\/uploads\/2024\/06\/iub_eroeffnung-768x512.jpg 768w, https:\/\/blog.ub.uni-bielefeld.de\/wp-content\/uploads\/2024\/06\/iub_eroeffnung-450x300.jpg 450w, https:\/\/blog.ub.uni-bielefeld.de\/wp-content\/uploads\/2024\/06\/iub_eroeffnung.jpg 1500w\" sizes=\"(max-width: 1024px) 100vw, 1024px\" \/><\/a><figcaption><small>\u00a9 Universit\u00e4t Bielefeld<br>(v.&nbsp;l.) Dekan der Fakult\u00e4t f\u00fcr Linguistik und Literaturwissenschaft Prof. Dr. Johannes Voit, Bibliotheksdirektorin Barbara Knorn, Kanzler der Universit\u00e4t Dr. Stephan Becker und Dezernentin f\u00fcr Bibliotheksbenutzung und Baubeauftragte der Bibliothek Dr. Sabine Rahmsdorf<\/small><\/figcaption><\/figure>\n\n\n\n<p>Das IUB dient der tempor\u00e4ren Unterbringung der LiLi-Fachbest\u00e4nde, die w\u00e4hrend der Modernisierung des zweiten Bauabschnitts des Uni-Hauptgeb\u00e4udes aus dem Bauteil C an einen anderen Standort verlegt werden mussten. Bei der Planung und Einrichtung des IUB wurden verschiedene Ziele und Grunds\u00e4tze beachtet, nicht zuletzt \u2013 eine nachhaltige und ressourcensparende Bewirtschaftung des neuen Campusgeb\u00e4udes. <strong>Dr. Sabine Rahmsdorf<\/strong> wies in diesem Zusammenhang darauf hin, dass die Ausstattung des IUB durch die effiziente Wiederverwendung und Verteilung des in der Bibliothek bereits vorhandenen Mobiliars und Inventars realisiert wurde. F\u00fcr den Dekan der Fakult\u00e4t LiLi <strong>Prof. Dr. Johannes Voit<\/strong> ist es besonders erfreulich, dass durch den Interimsbau die Freihandausleihe auch w\u00e4hrend des anstehenden Bauabschnitts aufrechterhalten werden kann.<\/p>\n\n\n\n<p>Im Hinblick auf die weiteren Umz\u00fcge ist auch Bibliotheksdirektorin <strong>Barbara Knorn<\/strong> angesichts des gelungenen Beispiels des IUB zuversichtlich, dass diese reibungslos verlaufen werden:<\/p>\n\n\n\n<blockquote class=\"wp-block-quote\"><p>Das Beispiel des IUB verdeutlicht, dass die zentralen Prinzipien unserer Bibliothek \u2013 eine gute Erreichbarkeit der Medien, lange \u00d6ffnungszeiten und vielf\u00e4ltige Dienstleistungen \u2013 nach wie vor wichtig und gefragt sind. Lehrende und Studierende k\u00f6nnen also sicher sein, dass ihre Bibliothek sie auch in den n\u00e4chsten Phasen der Uni-Modernisierung bei ihrer Arbeit und ihrem Studium unterst\u00fctzen wird.<\/p><\/blockquote>\n\n\n\n<p>Den Blick nach vorne richtet auch Kanzler der Universit\u00e4t <strong>Dr. Stephan Becker<\/strong>:<\/p>\n\n\n\n<blockquote class=\"wp-block-quote\"><p>Die Errichtung des Interimsgeb\u00e4udes der Universit\u00e4tsbibliothek auf dem Campus ist das Ergebnis einer hervorragend koordinierten Zusammenarbeit zwischen dem Bau- und Liegenschaftsbetrieb NRW (BLB), mehreren Hochschuleinrichtungen und externen Dienstleistern. F\u00fcr diese herausragende Leistung m\u00f6chte ich allen Beteiligten meinen herzlichen Dank aussprechen. Ich bin fest davon \u00fcberzeugt, dass auch zuk\u00fcnftige Projekte auf unserem Campus durch gute Kooperation, fundierte Entscheidungen zugunsten von Arbeit und Lehre sowie zukunftsf\u00e4hige Ideen und nachhaltige L\u00f6sungen gepr\u00e4gt sein werden.<\/p><\/blockquote>\n\n\n\n<p>Zu den angesprochenen nachhaltigen L\u00f6sungen geh\u00f6rt z.&nbsp;B. das Wassermanagementsystem, das im IUB implementiert wurde: Ein neben dem Interimsgeb\u00e4ude angelegtes Auffangbecken nimmt \u00fcbersch\u00fcssiges Regenwasser auf und sch\u00fctzt das Geb\u00e4ude so bei einem Starkregenereignis vor Sch\u00e4den durch \u00dcberflutung.<\/p>\n","protected":false},"excerpt":{"rendered":"<p>Nach den rechtzeitig abgeschlossenen Bau- und Umzugsarbeiten wurde das Interimsgeb\u00e4ude der Universit\u00e4tsbibliothek (IUB) wie geplant im Mai f\u00fcr die regul\u00e4re Benutzung ge\u00f6ffnet. Am Montag, den 3. Juni, fand die offizielle Er\u00f6ffnung des IUB statt. Kanzler der Universit\u00e4t Dr. Stephan Becker, &hellip; <a href=\"https:\/\/blog.ub.uni-bielefeld.de\/?p=13248\">Weiterlesen <span class=\"meta-nav\">&rarr;<\/span><\/a><\/p>\n","protected":false},"author":21,"featured_media":0,"comment_status":"closed","ping_status":"closed","sticky":false,"template":"","format":"standard","meta":[],"categories":[1],"tags":[817,788,787],"_links":{"self":[{"href":"https:\/\/blog.ub.uni-bielefeld.de\/index.php?rest_route=\/wp\/v2\/posts\/13248"}],"collection":[{"href":"https:\/\/blog.ub.uni-bielefeld.de\/index.php?rest_route=\/wp\/v2\/posts"}],"about":[{"href":"https:\/\/blog.ub.uni-bielefeld.de\/index.php?rest_route=\/wp\/v2\/types\/post"}],"author":[{"embeddable":true,"href":"https:\/\/blog.ub.uni-bielefeld.de\/index.php?rest_route=\/wp\/v2\/users\/21"}],"replies":[{"embeddable":true,"href":"https:\/\/blog.ub.uni-bielefeld.de\/index.php?rest_route=%2Fwp%2Fv2%2Fcomments&post=13248"}],"version-history":[{"count":49,"href":"https:\/\/blog.ub.uni-bielefeld.de\/index.php?rest_route=\/wp\/v2\/posts\/13248\/revisions"}],"predecessor-version":[{"id":13397,"href":"https:\/\/blog.ub.uni-bielefeld.de\/index.php?rest_route=\/wp\/v2\/posts\/13248\/revisions\/13397"}],"wp:attachment":[{"href":"https:\/\/blog.ub.uni-bielefeld.de\/index.php?rest_route=%2Fwp%2Fv2%2Fmedia&parent=13248"}],"wp:term":[{"taxonomy":"category","embeddable":true,"href":"https:\/\/blog.ub.uni-bielefeld.de\/index.php?rest_route=%2Fwp%2Fv2%2Fcategories&post=13248"},{"taxonomy":"post_tag","embeddable":true,"href":"https:\/\/blog.ub.uni-bielefeld.de\/index.php?rest_route=%2Fwp%2Fv2%2Ftags&post=13248"}],"curies":[{"name":"wp","href":"https:\/\/api.w.org\/{rel}","templated":true}]}}