{"id":13208,"date":"2024-06-12T09:00:00","date_gmt":"2024-06-12T07:00:00","guid":{"rendered":"https:\/\/blog.ub.uni-bielefeld.de\/?p=13208"},"modified":"2024-06-19T09:14:03","modified_gmt":"2024-06-19T07:14:03","slug":"fesselnde-lebensgeschichten-aus-der-ns-zeit-am-18-juni-liest-manfred-luetz-im-bdz","status":"publish","type":"post","link":"https:\/\/blog.ub.uni-bielefeld.de\/?p=13208","title":{"rendered":"Manfred L\u00fctz liest am 18. Juni im Lernort.plus!"},"content":{"rendered":"\n<p><strong>Am 18. Juni (Dienstag) um 18 Uhr l\u00e4dt das Prorektorat f\u00fcr Wissenschaft und Gesellschaft zur Lesung mit Manfred L\u00fctz ein. Die Autorenbegegnung mit dem Bestsellerautor findet im Lernort.<em>plus<\/em>! in U0 (Eingang \u00fcber U1) statt. Im Mittelpunkt der Lesung steht der Titel <em>Solange wir leben, m\u00fcssen wir uns entscheiden<\/em> (2016) \u2013 ein beeindruckender Erlebnisbericht von Jehuda Bacon, einem der letzten Auschwitz-\u00dcberlebenden. Der Eintritt ist kostenfrei. Um Anmeldung wird gebeten.<\/strong><\/p>\n\n\n\n<div class=\"wp-block-image\"><figure class=\"alignleft size-full is-resized\"><a href=\"https:\/\/blog.ub.uni-bielefeld.de\/wp-content\/uploads\/2024\/05\/manfred_luetz.jpg\" target=\"_blank\" rel=\"noopener\"><img src=\"https:\/\/blog.ub.uni-bielefeld.de\/wp-content\/uploads\/2024\/05\/manfred_luetz.jpg\" alt=\"Foto von Manfred L\u00fctz\" class=\"wp-image-13224\" width=\"325\" srcset=\"https:\/\/blog.ub.uni-bielefeld.de\/wp-content\/uploads\/2024\/05\/manfred_luetz.jpg 732w, https:\/\/blog.ub.uni-bielefeld.de\/wp-content\/uploads\/2024\/05\/manfred_luetz-227x300.jpg 227w\" sizes=\"(max-width: 732px) 100vw, 732px\" \/><\/a><figcaption><small>\u00a9 Manfred L\u00fctz<\/small><\/figcaption><\/figure><\/div>\n\n\n\n<p>Dr. Manfred L\u00fctz ist ein renommierter Psychiater, Psychotherapeut und Theologe, der sich auch als Schriftsteller einen Namen gemacht hat und als Vortragsredner sowie Kabarettist auftritt. Im Laufe seiner langj\u00e4hrigen Arbeit als Facharzt rief Manfred L\u00fctz eine Reihe fachlicher und sozialer Initiativen ins Leben, darunter die integrative Jugendgruppe \u201eBr\u00fccke-Kr\u00fccke\u201c f\u00fcr behinderte und nichtbehinderte Jugendliche in Bonn, das Alexianer-Therapie-Forum und den Kongress im Vatikan zum Thema Missbrauch von Kindern durch Geistliche. Ebenfalls anerkannt ist Manfred L\u00fctz als Buchautor. Aus seiner Feder stammen 11 Spiegelbestseller, darunter <em>Der Sinn des Lebens<\/em> (2024), <em>Neue Irre! Wir behandeln die Falschen<\/em> (2009) und <em>Gott \u2013 Eine kleine Geschichte des Gr\u00f6\u00dften<\/em> (2007), wof\u00fcr er mit dem internationalen <em>Corine<\/em>-Buchpreis ausgezeichnet wurde.<\/p>\n\n\n\n<p>Am 18. Juni liest Manfred L\u00fctz in der Bibliothek aus einem Buch, das ebenfalls Bestsellerstatus erreichte. <em>Solange wir leben, m\u00fcssen wir uns entscheiden: Leben nach Auschwitz<\/em> (2016) ist ein fesselndes Verm\u00e4chtnis von Jehuda Bacon, einem der letzten \u00dcberlebenden von Auschwitz. Seine Erlebnisse im KZ schilderte Jehuda Bacon ausf\u00fchrlich im Gespr\u00e4ch mit Manfred L\u00fctz, der sie einf\u00fchlsam dokumentierte.<\/p>\n\n\n\n<p><a rel=\"noreferrer noopener\" href=\"https:\/\/katalogplus.ub.uni-bielefeld.de\/Author\/Home?author=L\u00fctz%2C+Manfred&amp;\" target=\"_blank\">Dieser und weitere Titel von Manfred L\u00fctz<\/a> sind in der Bibliothek erh\u00e4ltlich.<\/p>\n\n\n\n<p><strong style=\"color: #880000;\">F\u00fcr die Teilnahme an der Autorenbegegnung mit Manfred L\u00fctz am 18. Juni ist aufgrund der begrenzten Anzahl an Sitzpl\u00e4tzen im Bibliotheksbereich in U0 eine Anmeldung erforderlich. Diese ist sowohl f\u00fcr Uni-Angeh\u00f6rige als auch f\u00fcr externe G\u00e4ste kostenlos m\u00f6glich.<\/strong><\/p>\n\n\n\n<p>[Die Veranstaltung hat bereits stattgefunden. Die Anmeldelinks sind nicht mehr aktiv.]<\/p>\n","protected":false},"excerpt":{"rendered":"<p>Am 18. Juni (Dienstag) um 18 Uhr l\u00e4dt das Prorektorat f\u00fcr Wissenschaft und Gesellschaft zur Lesung mit Manfred L\u00fctz ein. Die Autorenbegegnung mit dem Bestsellerautor findet im Lernort.plus! in U0 (Eingang \u00fcber U1) statt. Im Mittelpunkt der Lesung steht der &hellip; <a href=\"https:\/\/blog.ub.uni-bielefeld.de\/?p=13208\">Weiterlesen <span class=\"meta-nav\">&rarr;<\/span><\/a><\/p>\n","protected":false},"author":21,"featured_media":0,"comment_status":"closed","ping_status":"closed","sticky":false,"template":"","format":"standard","meta":[],"categories":[1],"tags":[784,249,821],"_links":{"self":[{"href":"https:\/\/blog.ub.uni-bielefeld.de\/index.php?rest_route=\/wp\/v2\/posts\/13208"}],"collection":[{"href":"https:\/\/blog.ub.uni-bielefeld.de\/index.php?rest_route=\/wp\/v2\/posts"}],"about":[{"href":"https:\/\/blog.ub.uni-bielefeld.de\/index.php?rest_route=\/wp\/v2\/types\/post"}],"author":[{"embeddable":true,"href":"https:\/\/blog.ub.uni-bielefeld.de\/index.php?rest_route=\/wp\/v2\/users\/21"}],"replies":[{"embeddable":true,"href":"https:\/\/blog.ub.uni-bielefeld.de\/index.php?rest_route=%2Fwp%2Fv2%2Fcomments&post=13208"}],"version-history":[{"count":45,"href":"https:\/\/blog.ub.uni-bielefeld.de\/index.php?rest_route=\/wp\/v2\/posts\/13208\/revisions"}],"predecessor-version":[{"id":13356,"href":"https:\/\/blog.ub.uni-bielefeld.de\/index.php?rest_route=\/wp\/v2\/posts\/13208\/revisions\/13356"}],"wp:attachment":[{"href":"https:\/\/blog.ub.uni-bielefeld.de\/index.php?rest_route=%2Fwp%2Fv2%2Fmedia&parent=13208"}],"wp:term":[{"taxonomy":"category","embeddable":true,"href":"https:\/\/blog.ub.uni-bielefeld.de\/index.php?rest_route=%2Fwp%2Fv2%2Fcategories&post=13208"},{"taxonomy":"post_tag","embeddable":true,"href":"https:\/\/blog.ub.uni-bielefeld.de\/index.php?rest_route=%2Fwp%2Fv2%2Ftags&post=13208"}],"curies":[{"name":"wp","href":"https:\/\/api.w.org\/{rel}","templated":true}]}}