{"id":13198,"date":"2024-05-13T08:00:00","date_gmt":"2024-05-13T06:00:00","guid":{"rendered":"https:\/\/blog.ub.uni-bielefeld.de\/?p=13198"},"modified":"2024-06-06T15:06:44","modified_gmt":"2024-06-06T13:06:44","slug":"fachbibliothek-iub-jetzt-fuer-die-benutzung-geoeffnet","status":"publish","type":"post","link":"https:\/\/blog.ub.uni-bielefeld.de\/?p=13198","title":{"rendered":"Fachbibliothek IUB jetzt f\u00fcr die Benutzung ge\u00f6ffnet"},"content":{"rendered":"\n<p>Das Interimsgeb\u00e4ude der Uni-Bibliothek (IUB) ist ab sofort f\u00fcr die Benutzung ge\u00f6ffnet. Vorhanden sind im IUB die <a href=\"https:\/\/www.uni-bielefeld.de\/ub\/contact\/maps\/#accordion-comp_00005dae62a4_0000002aa2_677e\" target=\"_blank\" rel=\"noreferrer noopener\">Fachbest\u00e4nde der Linguistik und Literaturwissenschaft<\/a> (LiLi) sowie die gewohnten Bibliotheksdienste wie kostenlose Scanger\u00e4te, PC-Arbeitspl\u00e4tze und Selbstverbucher f\u00fcr die schnelle Ausleihe und R\u00fcckgabe von Medien.<\/p>\n\n\n\n<p>In der Fachbibliothek IUB gelten die gleichen \u00d6ffnungszeiten wie in den Bibliotheksbereichen der Bauteile D und E des Uni-Hauptgeb\u00e4udes (UHG). Montags bis freitags ist das IUB von 8 bis 22 Uhr ge\u00f6ffnet. Auch das Fachpersonal der Bibliothek steht Ihnen an Werktagen bis 18 Uhr zur Verf\u00fcgung. An Wochenenden und Feiertagen kann man das IUB von 9 bis 19 Uhr besuchen.<\/p>\n\n\n\n<figure class=\"wp-block-image size-large\"><a href=\"https:\/\/blog.ub.uni-bielefeld.de\/wp-content\/uploads\/2024\/05\/iub_inbetriebnahme.jpg\" target=\"_blank\" rel=\"noopener\"><img loading=\"lazy\" width=\"1024\" height=\"768\" src=\"https:\/\/blog.ub.uni-bielefeld.de\/wp-content\/uploads\/2024\/05\/iub_inbetriebnahme-1024x768.jpg\" alt=\"Interimsgeb\u00e4ude der Uni-Bibliothek (IUB)\" class=\"wp-image-13200\" srcset=\"https:\/\/blog.ub.uni-bielefeld.de\/wp-content\/uploads\/2024\/05\/iub_inbetriebnahme-1024x768.jpg 1024w, https:\/\/blog.ub.uni-bielefeld.de\/wp-content\/uploads\/2024\/05\/iub_inbetriebnahme-300x225.jpg 300w, https:\/\/blog.ub.uni-bielefeld.de\/wp-content\/uploads\/2024\/05\/iub_inbetriebnahme-768x576.jpg 768w, https:\/\/blog.ub.uni-bielefeld.de\/wp-content\/uploads\/2024\/05\/iub_inbetriebnahme-400x300.jpg 400w, https:\/\/blog.ub.uni-bielefeld.de\/wp-content\/uploads\/2024\/05\/iub_inbetriebnahme.jpg 1500w\" sizes=\"(max-width: 1024px) 100vw, 1024px\" \/><\/a><figcaption><small>\u00a9 Universit\u00e4tsbibliothek Bielefeld<\/small><\/figcaption><\/figure>\n\n\n\n<p>Das IUB dient zur interimistischen Unterbringung der LiLi-Fachbest\u00e4nde, die angesichts der anstehenden Modernisierung des 2. Bauabschnitts des UHG aus dem Bauteil C an einen anderen Standort verlagert werden mussten. Durch die Errichtung des IUB konnten die betroffenen Fachbest\u00e4nde ungeteilt erhalten werden und lange \u00d6ffnungszeiten sowie die nahe Zug\u00e4nglichkeit der Freihandmedien sind weiterhin gew\u00e4hrleistet.<\/p>\n","protected":false},"excerpt":{"rendered":"<p>Das Interimsgeb\u00e4ude der Uni-Bibliothek (IUB) ist ab sofort f\u00fcr die Benutzung ge\u00f6ffnet. Vorhanden sind im IUB die Fachbest\u00e4nde der Linguistik und Literaturwissenschaft (LiLi) sowie die gewohnten Bibliotheksdienste wie kostenlose Scanger\u00e4te, PC-Arbeitspl\u00e4tze und Selbstverbucher f\u00fcr die schnelle Ausleihe und R\u00fcckgabe von &hellip; <a href=\"https:\/\/blog.ub.uni-bielefeld.de\/?p=13198\">Weiterlesen <span class=\"meta-nav\">&rarr;<\/span><\/a><\/p>\n","protected":false},"author":21,"featured_media":0,"comment_status":"closed","ping_status":"closed","sticky":false,"template":"","format":"standard","meta":[],"categories":[1],"tags":[44,817,788,58,787],"_links":{"self":[{"href":"https:\/\/blog.ub.uni-bielefeld.de\/index.php?rest_route=\/wp\/v2\/posts\/13198"}],"collection":[{"href":"https:\/\/blog.ub.uni-bielefeld.de\/index.php?rest_route=\/wp\/v2\/posts"}],"about":[{"href":"https:\/\/blog.ub.uni-bielefeld.de\/index.php?rest_route=\/wp\/v2\/types\/post"}],"author":[{"embeddable":true,"href":"https:\/\/blog.ub.uni-bielefeld.de\/index.php?rest_route=\/wp\/v2\/users\/21"}],"replies":[{"embeddable":true,"href":"https:\/\/blog.ub.uni-bielefeld.de\/index.php?rest_route=%2Fwp%2Fv2%2Fcomments&post=13198"}],"version-history":[{"count":8,"href":"https:\/\/blog.ub.uni-bielefeld.de\/index.php?rest_route=\/wp\/v2\/posts\/13198\/revisions"}],"predecessor-version":[{"id":13234,"href":"https:\/\/blog.ub.uni-bielefeld.de\/index.php?rest_route=\/wp\/v2\/posts\/13198\/revisions\/13234"}],"wp:attachment":[{"href":"https:\/\/blog.ub.uni-bielefeld.de\/index.php?rest_route=%2Fwp%2Fv2%2Fmedia&parent=13198"}],"wp:term":[{"taxonomy":"category","embeddable":true,"href":"https:\/\/blog.ub.uni-bielefeld.de\/index.php?rest_route=%2Fwp%2Fv2%2Fcategories&post=13198"},{"taxonomy":"post_tag","embeddable":true,"href":"https:\/\/blog.ub.uni-bielefeld.de\/index.php?rest_route=%2Fwp%2Fv2%2Ftags&post=13198"}],"curies":[{"name":"wp","href":"https:\/\/api.w.org\/{rel}","templated":true}]}}