{"id":13178,"date":"2024-05-06T16:58:43","date_gmt":"2024-05-06T14:58:43","guid":{"rendered":"https:\/\/blog.ub.uni-bielefeld.de\/?p=13178"},"modified":"2024-05-21T09:20:33","modified_gmt":"2024-05-21T07:20:33","slug":"bibliotheksbereich-c1-c0-ab-sofort-geschlossen-iub-betriebsbereit-ab-13-05","status":"publish","type":"post","link":"https:\/\/blog.ub.uni-bielefeld.de\/?p=13178","title":{"rendered":"Bibliotheksbereich C1\/C0 ab sofort geschlossen \u2013 IUB betriebsbereit ab 13.05."},"content":{"rendered":"\n<p>Die Verlagerung des Fachbestands Linguistik und Literaturwissenschaft (LiLi) aus den Bauteilen C0 und C1 befindet sich in der Endphase. Dieser Bibliotheksbereich im Uni-Hauptgeb\u00e4ude (UHG) ist daher ab sofort f\u00fcr die Benutzung geschlossen. Die Fachbibliothek im Interimsgeb\u00e4ude der Uni-Bibliothek (IUB) zwischen dem UHG und Geb\u00e4ude X \u2013 der neue Standort f\u00fcr die LiLi-Medienbest\u00e4nde \u2013 wird wie geplant am 13. Mai er\u00f6ffnet.<\/p>\n\n\n\n<p>Auf der Fl\u00e4che von 2.000 qm bietet das IUB Platz f\u00fcr rund 400.000 Medien. Zus\u00e4tzlich stehen den Nutzer*innen zwei kostenlose Buchscanner und PC-Arbeitspl\u00e4tze zur Verf\u00fcgung. Auch Schlie\u00dff\u00e4cher mit mechanischem Zahlenschloss, f\u00fcr die kein M\u00fcnzgeld ben\u00f6tigt wird, sind im IUB vorhanden.<\/p>\n\n\n\n<figure class=\"wp-block-image size-large\"><a href=\"https:\/\/blog.ub.uni-bielefeld.de\/wp-content\/uploads\/2024\/05\/iub_lageplan.jpg\" target=\"_blank\" rel=\"noopener\"><img loading=\"lazy\" width=\"1024\" height=\"722\" src=\"https:\/\/blog.ub.uni-bielefeld.de\/wp-content\/uploads\/2024\/05\/iub_lageplan-1024x722.jpg\" alt=\"\" class=\"wp-image-13181\" srcset=\"https:\/\/blog.ub.uni-bielefeld.de\/wp-content\/uploads\/2024\/05\/iub_lageplan-1024x722.jpg 1024w, https:\/\/blog.ub.uni-bielefeld.de\/wp-content\/uploads\/2024\/05\/iub_lageplan-300x211.jpg 300w, https:\/\/blog.ub.uni-bielefeld.de\/wp-content\/uploads\/2024\/05\/iub_lageplan-768x541.jpg 768w, https:\/\/blog.ub.uni-bielefeld.de\/wp-content\/uploads\/2024\/05\/iub_lageplan-426x300.jpg 426w, https:\/\/blog.ub.uni-bielefeld.de\/wp-content\/uploads\/2024\/05\/iub_lageplan.jpg 1500w\" sizes=\"(max-width: 1024px) 100vw, 1024px\" \/><\/a><figcaption><small>\u00a9 Universit\u00e4tsbibliothek Bielefeld<\/small><\/figcaption><\/figure>\n\n\n\n<p>Im Laufe des Jahres 2024 werden weitere Bibliotheksumz\u00fcge folgen. Nach Fertigstellung des ersten Bauabschnitts des  UHG werden das Bibliotheksdienstleistunszentrum (BDZ) und der Fachbestand Sportwissenschaft dorthin umziehen. Die \u00fcbrigen Medienbest\u00e4nde aus dem Bauteil T1 (Musik, Psychologie und Erziehungswissenschaft) werden in den Bauteil U0 verlagert. Aktuelle Informationen zu den geplanten Bibliotheksumz\u00fcgen finden Sie in unserem ub.aktuell-Blog und <a rel=\"noreferrer noopener\" href=\"https:\/\/www.uni-bielefeld.de\/ub\/umzugsinfo\/\" target=\"_blank\">auf unserer Website<\/a>.<\/p>\n","protected":false},"excerpt":{"rendered":"<p>Die Verlagerung des Fachbestands Linguistik und Literaturwissenschaft (LiLi) aus den Bauteilen C0 und C1 befindet sich in der Endphase. Dieser Bibliotheksbereich im Uni-Hauptgeb\u00e4ude (UHG) ist daher ab sofort f\u00fcr die Benutzung geschlossen. Die Fachbibliothek im Interimsgeb\u00e4ude der Uni-Bibliothek (IUB) zwischen &hellip; <a href=\"https:\/\/blog.ub.uni-bielefeld.de\/?p=13178\">Weiterlesen <span class=\"meta-nav\">&rarr;<\/span><\/a><\/p>\n","protected":false},"author":21,"featured_media":0,"comment_status":"closed","ping_status":"closed","sticky":false,"template":"","format":"standard","meta":[],"categories":[1],"tags":[44,817,788,787],"_links":{"self":[{"href":"https:\/\/blog.ub.uni-bielefeld.de\/index.php?rest_route=\/wp\/v2\/posts\/13178"}],"collection":[{"href":"https:\/\/blog.ub.uni-bielefeld.de\/index.php?rest_route=\/wp\/v2\/posts"}],"about":[{"href":"https:\/\/blog.ub.uni-bielefeld.de\/index.php?rest_route=\/wp\/v2\/types\/post"}],"author":[{"embeddable":true,"href":"https:\/\/blog.ub.uni-bielefeld.de\/index.php?rest_route=\/wp\/v2\/users\/21"}],"replies":[{"embeddable":true,"href":"https:\/\/blog.ub.uni-bielefeld.de\/index.php?rest_route=%2Fwp%2Fv2%2Fcomments&post=13178"}],"version-history":[{"count":8,"href":"https:\/\/blog.ub.uni-bielefeld.de\/index.php?rest_route=\/wp\/v2\/posts\/13178\/revisions"}],"predecessor-version":[{"id":13216,"href":"https:\/\/blog.ub.uni-bielefeld.de\/index.php?rest_route=\/wp\/v2\/posts\/13178\/revisions\/13216"}],"wp:attachment":[{"href":"https:\/\/blog.ub.uni-bielefeld.de\/index.php?rest_route=%2Fwp%2Fv2%2Fmedia&parent=13178"}],"wp:term":[{"taxonomy":"category","embeddable":true,"href":"https:\/\/blog.ub.uni-bielefeld.de\/index.php?rest_route=%2Fwp%2Fv2%2Fcategories&post=13178"},{"taxonomy":"post_tag","embeddable":true,"href":"https:\/\/blog.ub.uni-bielefeld.de\/index.php?rest_route=%2Fwp%2Fv2%2Ftags&post=13178"}],"curies":[{"name":"wp","href":"https:\/\/api.w.org\/{rel}","templated":true}]}}