{"id":13165,"date":"2024-05-06T11:07:26","date_gmt":"2024-05-06T09:07:26","guid":{"rendered":"https:\/\/blog.ub.uni-bielefeld.de\/?p=13165"},"modified":"2024-05-27T13:04:12","modified_gmt":"2024-05-27T11:04:12","slug":"faces-of-crimea-fotoausstellung-zur-kultur-und-geschichte-der-krimtataren","status":"publish","type":"post","link":"https:\/\/blog.ub.uni-bielefeld.de\/?p=13165","title":{"rendered":"Faces of Crimea: Fotoausstellung zur Kultur und Geschichte der Krimtataren"},"content":{"rendered":"\n<p><strong>Vom 6. bis zum 24. Mai ist im Bauteil U0 (Eingang \u00fcber U1) eine neue Ausstellung zu sehen. Die Fotosammlung mit dem Titel <em>Faces of Crimea<\/em> stammt aus der Kamera der krimtatarischen K\u00fcnstlerin Zarema Yaliboylu und ist ihrem Heimatsvolk gewidmet.<\/strong><\/p>\n\n\n\n<div class=\"wp-block-image\"><figure class=\"alignleft size-large is-resized\"><a href=\"https:\/\/blog.ub.uni-bielefeld.de\/wp-content\/uploads\/2024\/05\/faces_of_crimea_poster.png\" target=\"_blank\" rel=\"noopener\"><img src=\"https:\/\/blog.ub.uni-bielefeld.de\/wp-content\/uploads\/2024\/05\/faces_of_crimea_poster-768x1024.png\" alt=\"\" class=\"wp-image-13189\" width=\"325\" srcset=\"https:\/\/blog.ub.uni-bielefeld.de\/wp-content\/uploads\/2024\/05\/faces_of_crimea_poster-768x1024.png 768w, https:\/\/blog.ub.uni-bielefeld.de\/wp-content\/uploads\/2024\/05\/faces_of_crimea_poster-225x300.png 225w, https:\/\/blog.ub.uni-bielefeld.de\/wp-content\/uploads\/2024\/05\/faces_of_crimea_poster.png 1125w\" sizes=\"(max-width: 768px) 100vw, 768px\" \/><\/a><figcaption><small>\u00a9 Zarema Yaliboylu<\/small><\/figcaption><\/figure><\/div>\n\n\n\n<p>Seit vielen Jahren setzt sich die Krimtatarin Zarema Yaliboylu mit der Kultur und Geschichte ihrer Landsleute auseinander. Ihr Fotoarchiv umfasst sowohl atemberaubende Landschaftsaufnahmen und Bilder krimtatarischer Traditionen und kultureller Artefakte als auch pers\u00f6nliche Zeugnisse dieses verfolgten und unterdr\u00fcckten Volkes, dem auch Zaremas Familie angeh\u00f6rt. Unterschiedliche Schicksale verbinden die Krimtataren jedoch durch viele Gemeinsamkeiten: ihren Widerstandswillen, ihre Liebe zur Heimat und die Hoffnung, in einer freien Krim wieder leben zu k\u00f6nnen.<\/p>\n\n\n\n<p>Am 11. Mai (Samstag) um 15 Uhr wird die Fotoausstellung <em>Faces of Crimea<\/em> durch die Vorf\u00fchrung des Films <em>Haytarma<\/em> von Akhtem Seitablaiev im Raum X-E0-002 des Geb\u00e4udes X erg\u00e4nzt. Anschlie\u00dfend findet in demselben Raum ein Begegnungsabend zur Kultur und Geschichte der Krimtataren statt.<\/p>\n\n\n\n<p>Beendet wird die Fotoausstellung am 23. Mai (Donnerstag) um 18:30 mit einer Finissage, an der auch die K\u00fcnstlerin Zarema Yaliboylu teilnehmen wird. Bis dahin k\u00f6nnen die Fotoaufnahmen <a href=\"https:\/\/www.uni-bielefeld.de\/ub\/contact\/hours\/\" target=\"_blank\" rel=\"noreferrer noopener\">w\u00e4hrend der \u00d6ffnungszeiten der Bibliothek<\/a> im Bauteil U0 besichtigt werden.<\/p>\n","protected":false},"excerpt":{"rendered":"<p>Vom 6. bis zum 24. Mai ist im Bauteil U0 (Eingang \u00fcber U1) eine neue Ausstellung zu sehen. Die Fotosammlung mit dem Titel Faces of Crimea stammt aus der Kamera der krimtatarischen K\u00fcnstlerin Zarema Yaliboylu und ist ihrem Heimatsvolk gewidmet. &hellip; <a href=\"https:\/\/blog.ub.uni-bielefeld.de\/?p=13165\">Weiterlesen <span class=\"meta-nav\">&rarr;<\/span><\/a><\/p>\n","protected":false},"author":21,"featured_media":0,"comment_status":"closed","ping_status":"closed","sticky":false,"template":"","format":"standard","meta":[],"categories":[1],"tags":[30,784,806,407],"_links":{"self":[{"href":"https:\/\/blog.ub.uni-bielefeld.de\/index.php?rest_route=\/wp\/v2\/posts\/13165"}],"collection":[{"href":"https:\/\/blog.ub.uni-bielefeld.de\/index.php?rest_route=\/wp\/v2\/posts"}],"about":[{"href":"https:\/\/blog.ub.uni-bielefeld.de\/index.php?rest_route=\/wp\/v2\/types\/post"}],"author":[{"embeddable":true,"href":"https:\/\/blog.ub.uni-bielefeld.de\/index.php?rest_route=\/wp\/v2\/users\/21"}],"replies":[{"embeddable":true,"href":"https:\/\/blog.ub.uni-bielefeld.de\/index.php?rest_route=%2Fwp%2Fv2%2Fcomments&post=13165"}],"version-history":[{"count":18,"href":"https:\/\/blog.ub.uni-bielefeld.de\/index.php?rest_route=\/wp\/v2\/posts\/13165\/revisions"}],"predecessor-version":[{"id":13197,"href":"https:\/\/blog.ub.uni-bielefeld.de\/index.php?rest_route=\/wp\/v2\/posts\/13165\/revisions\/13197"}],"wp:attachment":[{"href":"https:\/\/blog.ub.uni-bielefeld.de\/index.php?rest_route=%2Fwp%2Fv2%2Fmedia&parent=13165"}],"wp:term":[{"taxonomy":"category","embeddable":true,"href":"https:\/\/blog.ub.uni-bielefeld.de\/index.php?rest_route=%2Fwp%2Fv2%2Fcategories&post=13165"},{"taxonomy":"post_tag","embeddable":true,"href":"https:\/\/blog.ub.uni-bielefeld.de\/index.php?rest_route=%2Fwp%2Fv2%2Ftags&post=13165"}],"curies":[{"name":"wp","href":"https:\/\/api.w.org\/{rel}","templated":true}]}}