{"id":13158,"date":"2024-04-30T15:01:20","date_gmt":"2024-04-30T13:01:20","guid":{"rendered":"https:\/\/blog.ub.uni-bielefeld.de\/?p=13158"},"modified":"2024-05-12T22:54:14","modified_gmt":"2024-05-12T20:54:14","slug":"lili-semesterapparate-ziehen-ins-iub-um-bibliotheksbereich-c1-c0-ab-06-05-gesperrt","status":"publish","type":"post","link":"https:\/\/blog.ub.uni-bielefeld.de\/?p=13158","title":{"rendered":"LiLi-Semesterapparate ziehen ins IUB um \u2013 Bibliotheksbereich C1\/C0 ab 06.05. gesperrt"},"content":{"rendered":"\n<p>Ab heute, dem 30. April, werden die Semesterapparate als letzter Teil des Buchbestandes der Fachbibliothek f\u00fcr Linguistik und Literaturwissenschaft (LiLi) in das Interimsgeb\u00e4ude der Uni-Bibliothek (IUB) verlagert. Diese Best\u00e4nde sind ab sofort f\u00fcr die Benutzung gesperrt.<\/p>\n\n\n\n<p>Die zwei Buchscanner aus der Fachbibliothek LiLi wurden bereits ins IUB verlegt. Das Ger\u00e4t <a href=\"https:\/\/www.uni-bielefeld.de\/ub\/learn\/services\/#accordion-comp_000064b8952f_0000000758_483a\" target=\"_blank\" rel=\"noreferrer noopener\">f\u00fcr kostenlose Scanarbeiten<\/a> im Bauteil D1 steht allen Nutzer*innen der Fachbibliotheken in den Bauteilen D bis E weiterhin zur Verf\u00fcgung.<\/p>\n\n\n\n<p>Der freigezogene Bibliotheksbereich in den Bauteilen C1 und C0 wird ab dem 6. Mai (Montag) vollst\u00e4ndig f\u00fcr die Benutzung gesperrt. Wir bitten Sie, auf <a rel=\"noreferrer noopener\" href=\"https:\/\/www.uni-bielefeld.de\/ub\/learn\/space\/\" target=\"_blank\">Arbeitspl\u00e4tze und Diskussionsr\u00e4ume<\/a> in den anderen Bibliotheksbereichen auszuweichen.<\/p>\n","protected":false},"excerpt":{"rendered":"<p>Ab heute, dem 30. April, werden die Semesterapparate als letzter Teil des Buchbestandes der Fachbibliothek f\u00fcr Linguistik und Literaturwissenschaft (LiLi) in das Interimsgeb\u00e4ude der Uni-Bibliothek (IUB) verlagert. Diese Best\u00e4nde sind ab sofort f\u00fcr die Benutzung gesperrt. Die zwei Buchscanner aus &hellip; <a href=\"https:\/\/blog.ub.uni-bielefeld.de\/?p=13158\">Weiterlesen <span class=\"meta-nav\">&rarr;<\/span><\/a><\/p>\n","protected":false},"author":21,"featured_media":0,"comment_status":"closed","ping_status":"closed","sticky":false,"template":"","format":"standard","meta":[],"categories":[1],"tags":[44,362,817,788,617,380,787],"_links":{"self":[{"href":"https:\/\/blog.ub.uni-bielefeld.de\/index.php?rest_route=\/wp\/v2\/posts\/13158"}],"collection":[{"href":"https:\/\/blog.ub.uni-bielefeld.de\/index.php?rest_route=\/wp\/v2\/posts"}],"about":[{"href":"https:\/\/blog.ub.uni-bielefeld.de\/index.php?rest_route=\/wp\/v2\/types\/post"}],"author":[{"embeddable":true,"href":"https:\/\/blog.ub.uni-bielefeld.de\/index.php?rest_route=\/wp\/v2\/users\/21"}],"replies":[{"embeddable":true,"href":"https:\/\/blog.ub.uni-bielefeld.de\/index.php?rest_route=%2Fwp%2Fv2%2Fcomments&post=13158"}],"version-history":[{"count":5,"href":"https:\/\/blog.ub.uni-bielefeld.de\/index.php?rest_route=\/wp\/v2\/posts\/13158\/revisions"}],"predecessor-version":[{"id":13163,"href":"https:\/\/blog.ub.uni-bielefeld.de\/index.php?rest_route=\/wp\/v2\/posts\/13158\/revisions\/13163"}],"wp:attachment":[{"href":"https:\/\/blog.ub.uni-bielefeld.de\/index.php?rest_route=%2Fwp%2Fv2%2Fmedia&parent=13158"}],"wp:term":[{"taxonomy":"category","embeddable":true,"href":"https:\/\/blog.ub.uni-bielefeld.de\/index.php?rest_route=%2Fwp%2Fv2%2Fcategories&post=13158"},{"taxonomy":"post_tag","embeddable":true,"href":"https:\/\/blog.ub.uni-bielefeld.de\/index.php?rest_route=%2Fwp%2Fv2%2Ftags&post=13158"}],"curies":[{"name":"wp","href":"https:\/\/api.w.org\/{rel}","templated":true}]}}