{"id":13151,"date":"2024-04-24T14:28:34","date_gmt":"2024-04-24T12:28:34","guid":{"rendered":"https:\/\/blog.ub.uni-bielefeld.de\/?p=13151"},"modified":"2024-05-06T16:59:00","modified_gmt":"2024-05-06T14:59:00","slug":"verlagerung-der-lili-bestaende-germanistik-und-niederdeutsche-literatur-ziehen-als-naechstes-ins-iub-um","status":"publish","type":"post","link":"https:\/\/blog.ub.uni-bielefeld.de\/?p=13151","title":{"rendered":"Verlagerung der LiLi-Best\u00e4nde: Germanistik und Niederdeutsche Literatur ziehen als N\u00e4chstes ins IUB um"},"content":{"rendered":"\n<pre class=\"wp-block-preformatted\"><strong>Update vom 25.04.:<\/strong> Im Zuge der laufenden Umzugsarbeiten in der Fachbibliothek LiLi sind ab sofort auch der Fachbereich Allgemeine und Vergleichende Literaturwissenschaft sowie die Zeitschriftenhefte f\u00fcr die Benutzung gesperrt. Die Semesterapparate im Bauteil C stehen weiterhin zur Verf\u00fcgung.<\/pre>\n\n\n\n<p>Der Umzug der Medienbest\u00e4nde der Fachbibliothek Linguistik und Literaturwissenschaft (LiLi) biegt auf die Zielgerade ein. Ab heute, dem 24. April, werden die Medien aus den Fachbereichen <a rel=\"noreferrer noopener\" href=\"https:\/\/systematik.ub.uni-bielefeld.de\/browse\/PA-PW\" target=\"_blank\">Germanistik<\/a> und <a rel=\"noreferrer noopener\" href=\"https:\/\/systematik.ub.uni-bielefeld.de\/browse\/OO-OY\" target=\"_blank\">Niederdeutsche Literatur<\/a> \u2013 einschlie\u00dflich Niederlandistik und Skandinavistik \u2013 als N\u00e4chstes in das Interimsgeb\u00e4ude der Universit\u00e4tsbibliothek (IUB) verlagert. Diese Titel sind ab sofort f\u00fcr die Benutzung gesperrt.<\/p>\n\n\n\n<p>F\u00fcr die Einsichtnahme vor Ort oder die Ausleihe der vom Umzug betroffenen Best\u00e4nde wenden Sie sich bitte an das <a rel=\"noreferrer noopener\" href=\"https:\/\/www.uni-bielefeld.de\/ub\/search\/portals\/lili\/\" target=\"_blank\">Ausleihterminal im Bauteil D1<\/a>. Die in der Fachbibliothek LiLi verbleibenden Medienbest\u00e4nde \u2013 Semesterapparate, Zeitschriftenhefte und der Fachbereich Allgemeine und vergleichende Literatur \u2013 stehen Ihnen im Bauteil C weiterhin uneingeschr\u00e4nkt zur Verf\u00fcgung, werden aber in K\u00fcrze ebenfalls ins IUB verlagert.<\/p>\n\n\n\n<p>Wir danken Ihnen f\u00fcr Ihr Verst\u00e4ndnis und halten Sie weiterhin \u00fcber unseren ub.aktuell-Blog sowie \u00fcber unsere <a href=\"https:\/\/www.uni-bielefeld.de\/ub\/umzugsinfo\/\" target=\"_blank\" rel=\"noreferrer noopener\">Umzugs-Chronologie<\/a> auf dem Laufenden.<\/p>\n","protected":false},"excerpt":{"rendered":"<p>Update vom 25.04.: Im Zuge der laufenden Umzugsarbeiten in der Fachbibliothek LiLi sind ab sofort auch der Fachbereich Allgemeine und Vergleichende Literaturwissenschaft sowie die Zeitschriftenhefte f\u00fcr die Benutzung gesperrt. Die Semesterapparate im Bauteil C stehen weiterhin zur Verf\u00fcgung. Der Umzug &hellip; <a href=\"https:\/\/blog.ub.uni-bielefeld.de\/?p=13151\">Weiterlesen <span class=\"meta-nav\">&rarr;<\/span><\/a><\/p>\n","protected":false},"author":21,"featured_media":0,"comment_status":"closed","ping_status":"closed","sticky":false,"template":"","format":"standard","meta":[],"categories":[1],"tags":[44,817,788,617,787],"_links":{"self":[{"href":"https:\/\/blog.ub.uni-bielefeld.de\/index.php?rest_route=\/wp\/v2\/posts\/13151"}],"collection":[{"href":"https:\/\/blog.ub.uni-bielefeld.de\/index.php?rest_route=\/wp\/v2\/posts"}],"about":[{"href":"https:\/\/blog.ub.uni-bielefeld.de\/index.php?rest_route=\/wp\/v2\/types\/post"}],"author":[{"embeddable":true,"href":"https:\/\/blog.ub.uni-bielefeld.de\/index.php?rest_route=\/wp\/v2\/users\/21"}],"replies":[{"embeddable":true,"href":"https:\/\/blog.ub.uni-bielefeld.de\/index.php?rest_route=%2Fwp%2Fv2%2Fcomments&post=13151"}],"version-history":[{"count":4,"href":"https:\/\/blog.ub.uni-bielefeld.de\/index.php?rest_route=\/wp\/v2\/posts\/13151\/revisions"}],"predecessor-version":[{"id":13157,"href":"https:\/\/blog.ub.uni-bielefeld.de\/index.php?rest_route=\/wp\/v2\/posts\/13151\/revisions\/13157"}],"wp:attachment":[{"href":"https:\/\/blog.ub.uni-bielefeld.de\/index.php?rest_route=%2Fwp%2Fv2%2Fmedia&parent=13151"}],"wp:term":[{"taxonomy":"category","embeddable":true,"href":"https:\/\/blog.ub.uni-bielefeld.de\/index.php?rest_route=%2Fwp%2Fv2%2Fcategories&post=13151"},{"taxonomy":"post_tag","embeddable":true,"href":"https:\/\/blog.ub.uni-bielefeld.de\/index.php?rest_route=%2Fwp%2Fv2%2Ftags&post=13151"}],"curies":[{"name":"wp","href":"https:\/\/api.w.org\/{rel}","templated":true}]}}