{"id":13146,"date":"2024-04-19T12:20:35","date_gmt":"2024-04-19T10:20:35","guid":{"rendered":"https:\/\/blog.ub.uni-bielefeld.de\/?p=13146"},"modified":"2024-04-30T15:01:34","modified_gmt":"2024-04-30T13:01:34","slug":"drucker-in-c1-wird-nach-d1-verlegt","status":"publish","type":"post","link":"https:\/\/blog.ub.uni-bielefeld.de\/?p=13146","title":{"rendered":"Drucker in C1 wird nach D1 verlegt"},"content":{"rendered":"\n<p>Der Drucker in der Fachbibliothek f\u00fcr Linguistik und Literaturwissenschaft (LiLi) im Bauteil C1 wird am 22. April (Montag) in den Bauteil D1 verlegt. Das Ger\u00e4t f\u00fcr den <a rel=\"noreferrer noopener\" href=\"https:\/\/www.uni-bielefeld.de\/ub\/learn\/services\/#accordion-comp_000064b8952f_0000000758_483a\" target=\"_blank\">kostenlosen Druckservice f\u00fcr Studierende<\/a> wird dort im Eingangsbereich in unmittelbarer N\u00e4he der PC-Arbeitspl\u00e4tze aufgestellt.<\/p>\n\n\n\n<p>Wir bitten um Ihr Verst\u00e4ndnis, dass es einige Tage dauern kann, bis der Drucker am neuen Standort betriebsbereit ist. In dieser Zeit haben Sie die M\u00f6glichkeit, den Drucker in V1 zu nutzen.<\/p>\n","protected":false},"excerpt":{"rendered":"<p>Der Drucker in der Fachbibliothek f\u00fcr Linguistik und Literaturwissenschaft (LiLi) im Bauteil C1 wird am 22. April (Montag) in den Bauteil D1 verlegt. Das Ger\u00e4t f\u00fcr den kostenlosen Druckservice f\u00fcr Studierende wird dort im Eingangsbereich in unmittelbarer N\u00e4he der PC-Arbeitspl\u00e4tze &hellip; <a href=\"https:\/\/blog.ub.uni-bielefeld.de\/?p=13146\">Weiterlesen <span class=\"meta-nav\">&rarr;<\/span><\/a><\/p>\n","protected":false},"author":21,"featured_media":0,"comment_status":"closed","ping_status":"closed","sticky":false,"template":"","format":"standard","meta":[],"categories":[1],"tags":[44,379],"_links":{"self":[{"href":"https:\/\/blog.ub.uni-bielefeld.de\/index.php?rest_route=\/wp\/v2\/posts\/13146"}],"collection":[{"href":"https:\/\/blog.ub.uni-bielefeld.de\/index.php?rest_route=\/wp\/v2\/posts"}],"about":[{"href":"https:\/\/blog.ub.uni-bielefeld.de\/index.php?rest_route=\/wp\/v2\/types\/post"}],"author":[{"embeddable":true,"href":"https:\/\/blog.ub.uni-bielefeld.de\/index.php?rest_route=\/wp\/v2\/users\/21"}],"replies":[{"embeddable":true,"href":"https:\/\/blog.ub.uni-bielefeld.de\/index.php?rest_route=%2Fwp%2Fv2%2Fcomments&post=13146"}],"version-history":[{"count":2,"href":"https:\/\/blog.ub.uni-bielefeld.de\/index.php?rest_route=\/wp\/v2\/posts\/13146\/revisions"}],"predecessor-version":[{"id":13148,"href":"https:\/\/blog.ub.uni-bielefeld.de\/index.php?rest_route=\/wp\/v2\/posts\/13146\/revisions\/13148"}],"wp:attachment":[{"href":"https:\/\/blog.ub.uni-bielefeld.de\/index.php?rest_route=%2Fwp%2Fv2%2Fmedia&parent=13146"}],"wp:term":[{"taxonomy":"category","embeddable":true,"href":"https:\/\/blog.ub.uni-bielefeld.de\/index.php?rest_route=%2Fwp%2Fv2%2Fcategories&post=13146"},{"taxonomy":"post_tag","embeddable":true,"href":"https:\/\/blog.ub.uni-bielefeld.de\/index.php?rest_route=%2Fwp%2Fv2%2Ftags&post=13146"}],"curies":[{"name":"wp","href":"https:\/\/api.w.org\/{rel}","templated":true}]}}