{"id":13140,"date":"2024-04-19T12:21:15","date_gmt":"2024-04-19T10:21:15","guid":{"rendered":"https:\/\/blog.ub.uni-bielefeld.de\/?p=13140"},"modified":"2024-05-06T11:07:44","modified_gmt":"2024-05-06T09:07:44","slug":"klassische-philologie-slawistik-und-sonstige-literaturen-ziehen-ins-iub-um","status":"publish","type":"post","link":"https:\/\/blog.ub.uni-bielefeld.de\/?p=13140","title":{"rendered":"Klassische Philologie, Slawistik und Sonstige Literaturen ziehen ins IUB um"},"content":{"rendered":"\n<p>Am Montag, den 22. April, beginnt die n\u00e4chste Phase der Verlagerung der Best\u00e4nde der Fachbibliothek f\u00fcr Linguistik und Literaturwissenschaft (LiLi): Die Medienbest\u00e4nde aus den Fachbereichen Klassische Philologie, Slawistik und Sonstige Literaturen ziehen als N\u00e4chstes in das Interimsgeb\u00e4ude der Universit\u00e4tsbibliothek (IUB) um und sind daher ab dem 22. April f\u00fcr die Benutzung gesperrt.<\/p>\n\n\n\n<p>F\u00fcr die Einsichtnahme vor Ort oder die Ausleihe der vom Umzug betroffenen Best\u00e4nde der Fachbibliothek LiLi wenden Sie sich bitte an das <a href=\"https:\/\/www.uni-bielefeld.de\/ub\/search\/portals\/lili\/\" target=\"_blank\" rel=\"noreferrer noopener\">Ausleihterminal im Bauteil D1<\/a>. Die Semesterapparate und Medienbest\u00e4nde aus den Fachbereichen Germanistik, Niederdeutsche Literatur sowie Allgemeine und Vergleichende Literaturwissenschaft stehen Ihnen im Bauteil C weiterhin uneingeschr\u00e4nkt zur Verf\u00fcgung.<\/p>\n\n\n\n<p>Weitere Meldungen zu den Bibliotheksumz\u00fcgen finden Sie in unserer <a href=\"https:\/\/www.uni-bielefeld.de\/ub\/umzugsinfo\/#comp_0000660f5b2a_0000004cde_5395\" target=\"_blank\" rel=\"noreferrer noopener\">Umzugs-Chronologie<\/a>.<\/p>\n","protected":false},"excerpt":{"rendered":"<p>Am Montag, den 22. April, beginnt die n\u00e4chste Phase der Verlagerung der Best\u00e4nde der Fachbibliothek f\u00fcr Linguistik und Literaturwissenschaft (LiLi): Die Medienbest\u00e4nde aus den Fachbereichen Klassische Philologie, Slawistik und Sonstige Literaturen ziehen als N\u00e4chstes in das Interimsgeb\u00e4ude der Universit\u00e4tsbibliothek (IUB) &hellip; <a href=\"https:\/\/blog.ub.uni-bielefeld.de\/?p=13140\">Weiterlesen <span class=\"meta-nav\">&rarr;<\/span><\/a><\/p>\n","protected":false},"author":21,"featured_media":0,"comment_status":"closed","ping_status":"closed","sticky":false,"template":"","format":"standard","meta":[],"categories":[1],"tags":[44,817,788,617,787],"_links":{"self":[{"href":"https:\/\/blog.ub.uni-bielefeld.de\/index.php?rest_route=\/wp\/v2\/posts\/13140"}],"collection":[{"href":"https:\/\/blog.ub.uni-bielefeld.de\/index.php?rest_route=\/wp\/v2\/posts"}],"about":[{"href":"https:\/\/blog.ub.uni-bielefeld.de\/index.php?rest_route=\/wp\/v2\/types\/post"}],"author":[{"embeddable":true,"href":"https:\/\/blog.ub.uni-bielefeld.de\/index.php?rest_route=\/wp\/v2\/users\/21"}],"replies":[{"embeddable":true,"href":"https:\/\/blog.ub.uni-bielefeld.de\/index.php?rest_route=%2Fwp%2Fv2%2Fcomments&post=13140"}],"version-history":[{"count":6,"href":"https:\/\/blog.ub.uni-bielefeld.de\/index.php?rest_route=\/wp\/v2\/posts\/13140\/revisions"}],"predecessor-version":[{"id":13149,"href":"https:\/\/blog.ub.uni-bielefeld.de\/index.php?rest_route=\/wp\/v2\/posts\/13140\/revisions\/13149"}],"wp:attachment":[{"href":"https:\/\/blog.ub.uni-bielefeld.de\/index.php?rest_route=%2Fwp%2Fv2%2Fmedia&parent=13140"}],"wp:term":[{"taxonomy":"category","embeddable":true,"href":"https:\/\/blog.ub.uni-bielefeld.de\/index.php?rest_route=%2Fwp%2Fv2%2Fcategories&post=13140"},{"taxonomy":"post_tag","embeddable":true,"href":"https:\/\/blog.ub.uni-bielefeld.de\/index.php?rest_route=%2Fwp%2Fv2%2Ftags&post=13140"}],"curies":[{"name":"wp","href":"https:\/\/api.w.org\/{rel}","templated":true}]}}