{"id":13128,"date":"2024-04-12T15:03:30","date_gmt":"2024-04-12T13:03:30","guid":{"rendered":"https:\/\/blog.ub.uni-bielefeld.de\/?p=13128"},"modified":"2024-04-24T14:30:22","modified_gmt":"2024-04-24T12:30:22","slug":"umzug-von-romanistik-und-linguistik-in-der-fachbibliothek-lili-ab-15-04","status":"publish","type":"post","link":"https:\/\/blog.ub.uni-bielefeld.de\/?p=13128","title":{"rendered":"Umzug von Romanistik und Linguistik in der Fachbibliothek LiLi ab 15.04."},"content":{"rendered":"\n<p><strong>Die Umzugsarbeiten in der Fachbibliothek LiLi schreiten planm\u00e4\u00dfig voran. Ab dem 15.04. (Montag) werden die Medienbest\u00e4nde aus den Fachbereichen Romanistik und Linguistik in das Interimsgeb\u00e4ude der Uni-Bibliothek (IUB) verlagert.<\/strong><\/p>\n\n\n\n<p>Bitte beachten Sie, dass auch diese Best\u00e4nde \u2013 wie bereits zuvor die Zeitschriften und B\u00fccher im Fach Anglistik \u2013 f\u00fcr die Benutzung gesperrt werden. Sollten Sie dringend auf Medien aus den gesperrten Best\u00e4nden zugreifen m\u00fcssen, melden Sie sich bitte am <a rel=\"noreferrer noopener\" href=\"https:\/\/www.uni-bielefeld.de\/ub\/search\/portals\/lili\/\" target=\"_blank\">Ausleihterminal im Bauteil D1<\/a>. Wir danken Ihnen f\u00fcr das Verst\u00e4ndnis und halten Sie weiterhin \u00fcber unseren ub.aktuell-Blog sowie \u00fcber <a rel=\"noreferrer noopener\" href=\"https:\/\/www.uni-bielefeld.de\/ub\/umzugsinfo\/\" target=\"_blank\">unsere Umzugs-Chronologie<\/a> auf dem Laufenden.<\/p>\n","protected":false},"excerpt":{"rendered":"<p>Die Umzugsarbeiten in der Fachbibliothek LiLi schreiten planm\u00e4\u00dfig voran. Ab dem 15.04. (Montag) werden die Medienbest\u00e4nde aus den Fachbereichen Romanistik und Linguistik in das Interimsgeb\u00e4ude der Uni-Bibliothek (IUB) verlagert. Bitte beachten Sie, dass auch diese Best\u00e4nde \u2013 wie bereits zuvor &hellip; <a href=\"https:\/\/blog.ub.uni-bielefeld.de\/?p=13128\">Weiterlesen <span class=\"meta-nav\">&rarr;<\/span><\/a><\/p>\n","protected":false},"author":21,"featured_media":0,"comment_status":"closed","ping_status":"closed","sticky":false,"template":"","format":"standard","meta":[],"categories":[1],"tags":[44,817,788,617,820,787],"_links":{"self":[{"href":"https:\/\/blog.ub.uni-bielefeld.de\/index.php?rest_route=\/wp\/v2\/posts\/13128"}],"collection":[{"href":"https:\/\/blog.ub.uni-bielefeld.de\/index.php?rest_route=\/wp\/v2\/posts"}],"about":[{"href":"https:\/\/blog.ub.uni-bielefeld.de\/index.php?rest_route=\/wp\/v2\/types\/post"}],"author":[{"embeddable":true,"href":"https:\/\/blog.ub.uni-bielefeld.de\/index.php?rest_route=\/wp\/v2\/users\/21"}],"replies":[{"embeddable":true,"href":"https:\/\/blog.ub.uni-bielefeld.de\/index.php?rest_route=%2Fwp%2Fv2%2Fcomments&post=13128"}],"version-history":[{"count":7,"href":"https:\/\/blog.ub.uni-bielefeld.de\/index.php?rest_route=\/wp\/v2\/posts\/13128\/revisions"}],"predecessor-version":[{"id":13135,"href":"https:\/\/blog.ub.uni-bielefeld.de\/index.php?rest_route=\/wp\/v2\/posts\/13128\/revisions\/13135"}],"wp:attachment":[{"href":"https:\/\/blog.ub.uni-bielefeld.de\/index.php?rest_route=%2Fwp%2Fv2%2Fmedia&parent=13128"}],"wp:term":[{"taxonomy":"category","embeddable":true,"href":"https:\/\/blog.ub.uni-bielefeld.de\/index.php?rest_route=%2Fwp%2Fv2%2Fcategories&post=13128"},{"taxonomy":"post_tag","embeddable":true,"href":"https:\/\/blog.ub.uni-bielefeld.de\/index.php?rest_route=%2Fwp%2Fv2%2Ftags&post=13128"}],"curies":[{"name":"wp","href":"https:\/\/api.w.org\/{rel}","templated":true}]}}