{"id":13106,"date":"2024-04-05T13:32:17","date_gmt":"2024-04-05T11:32:17","guid":{"rendered":"https:\/\/blog.ub.uni-bielefeld.de\/?p=13106"},"modified":"2024-04-19T12:20:26","modified_gmt":"2024-04-19T10:20:26","slug":"umzugsbeginn-in-der-fachbibliothek-lili-am-8-april","status":"publish","type":"post","link":"https:\/\/blog.ub.uni-bielefeld.de\/?p=13106","title":{"rendered":"Umzugsbeginn in der Fachbibliothek LiLi am 8. April \u2013 Zeitschriften und Anglistik gesperrt"},"content":{"rendered":"\n<p>Am 8. April (Montag) beginnt die planm\u00e4\u00dfige Verlagerung der Buchbest\u00e4nde der Fachbibliothek Linguistik und Literaturwissenschaft (LiLi) in das Interimsgeb\u00e4ude der Uni-Bibliothek (IUB). Die Zeitschriftenb\u00e4nde und B\u00fccher aus dem Fachbereich Anglistik werden als erstes verlagert und sind daher ab dem 8. April f\u00fcr die Benutzung gesperrt.<\/p>\n\n\n\n<p>Wenn Sie dringend auf B\u00fccher aus den gesperrten Best\u00e4nden zugreifen m\u00fcssen, melden Sie sich bitte beim Bibliothekspersonal <a href=\"https:\/\/www.uni-bielefeld.de\/ub\/search\/portals\/lili\/\" target=\"_blank\" rel=\"noreferrer noopener\">am Ausleihterminal im Bauteil D1<\/a>. Die ben\u00f6tigten B\u00fccher werden dann f\u00fcr die Benutzung vor Ort oder zur Ausleihe bereitgestellt. Wir bitten um Verst\u00e4ndnis, dass die Bereitstellung nicht sofort erfolgen kann. Die Bearbeitungszeit ist abh\u00e4ngig davon, an welcher Stelle im Umzugsablauf sich die ben\u00f6tigten B\u00fccher befinden.<\/p>\n\n\n\n<figure class=\"wp-block-image size-large\"><a href=\"https:\/\/blog.ub.uni-bielefeld.de\/wp-content\/uploads\/2024\/04\/ub_nordschiene-1.jpeg\" target=\"_blank\" rel=\"noopener\"><img loading=\"lazy\" width=\"1024\" height=\"785\" src=\"https:\/\/blog.ub.uni-bielefeld.de\/wp-content\/uploads\/2024\/04\/ub_nordschiene-1-1024x785.jpeg\" alt=\"Lageplan der Fachbibliotheken in Bauteilen D1, U0 und U1\" class=\"wp-image-13117\" srcset=\"https:\/\/blog.ub.uni-bielefeld.de\/wp-content\/uploads\/2024\/04\/ub_nordschiene-1-1024x785.jpeg 1024w, https:\/\/blog.ub.uni-bielefeld.de\/wp-content\/uploads\/2024\/04\/ub_nordschiene-1-300x230.jpeg 300w, https:\/\/blog.ub.uni-bielefeld.de\/wp-content\/uploads\/2024\/04\/ub_nordschiene-1-768x589.jpeg 768w, https:\/\/blog.ub.uni-bielefeld.de\/wp-content\/uploads\/2024\/04\/ub_nordschiene-1-391x300.jpeg 391w, https:\/\/blog.ub.uni-bielefeld.de\/wp-content\/uploads\/2024\/04\/ub_nordschiene-1.jpeg 1320w\" sizes=\"(max-width: 1024px) 100vw, 1024px\" \/><\/a><figcaption><small>\u00a9 Universit\u00e4tsbibliothek Bielefeld<\/small><\/figcaption><\/figure>\n\n\n\n<p>Alle \u00fcbrigen Medienbest\u00e4nde in der Fachbibliothek LiLi k\u00f6nnen vorerst weiterhin uneingeschr\u00e4nkt genutzt werden. F\u00fcr aktuelle Informationen zu den Bibliotheksumz\u00fcgen beachten Sie bitte die Meldungen in unserem ub.aktuell-Blog, auf der speziellen <a href=\"https:\/\/www.uni-bielefeld.de\/ub\/umzugsinfo\/\" target=\"_blank\" rel=\"noreferrer noopener\">Infoseite der Uni-Bibliothek<\/a> sowie auf dem <a rel=\"noreferrer noopener\" href=\"https:\/\/www.uni-bielefeld.de\/uni\/campus-bauen\/bau\/bauprojekte\/interimsgebaeude-bib\/\" target=\"_blank\">\u201eCampus und Bauen\u201c-Portal<\/a> der Universit\u00e4t.<\/p>\n","protected":false},"excerpt":{"rendered":"<p>Am 8. April (Montag) beginnt die planm\u00e4\u00dfige Verlagerung der Buchbest\u00e4nde der Fachbibliothek Linguistik und Literaturwissenschaft (LiLi) in das Interimsgeb\u00e4ude der Uni-Bibliothek (IUB). Die Zeitschriftenb\u00e4nde und B\u00fccher aus dem Fachbereich Anglistik werden als erstes verlagert und sind daher ab dem 8. &hellip; <a href=\"https:\/\/blog.ub.uni-bielefeld.de\/?p=13106\">Weiterlesen <span class=\"meta-nav\">&rarr;<\/span><\/a><\/p>\n","protected":false},"author":21,"featured_media":0,"comment_status":"closed","ping_status":"closed","sticky":false,"template":"","format":"standard","meta":[],"categories":[1],"tags":[44,817,788,617,787],"_links":{"self":[{"href":"https:\/\/blog.ub.uni-bielefeld.de\/index.php?rest_route=\/wp\/v2\/posts\/13106"}],"collection":[{"href":"https:\/\/blog.ub.uni-bielefeld.de\/index.php?rest_route=\/wp\/v2\/posts"}],"about":[{"href":"https:\/\/blog.ub.uni-bielefeld.de\/index.php?rest_route=\/wp\/v2\/types\/post"}],"author":[{"embeddable":true,"href":"https:\/\/blog.ub.uni-bielefeld.de\/index.php?rest_route=\/wp\/v2\/users\/21"}],"replies":[{"embeddable":true,"href":"https:\/\/blog.ub.uni-bielefeld.de\/index.php?rest_route=%2Fwp%2Fv2%2Fcomments&post=13106"}],"version-history":[{"count":15,"href":"https:\/\/blog.ub.uni-bielefeld.de\/index.php?rest_route=\/wp\/v2\/posts\/13106\/revisions"}],"predecessor-version":[{"id":13124,"href":"https:\/\/blog.ub.uni-bielefeld.de\/index.php?rest_route=\/wp\/v2\/posts\/13106\/revisions\/13124"}],"wp:attachment":[{"href":"https:\/\/blog.ub.uni-bielefeld.de\/index.php?rest_route=%2Fwp%2Fv2%2Fmedia&parent=13106"}],"wp:term":[{"taxonomy":"category","embeddable":true,"href":"https:\/\/blog.ub.uni-bielefeld.de\/index.php?rest_route=%2Fwp%2Fv2%2Fcategories&post=13106"},{"taxonomy":"post_tag","embeddable":true,"href":"https:\/\/blog.ub.uni-bielefeld.de\/index.php?rest_route=%2Fwp%2Fv2%2Ftags&post=13106"}],"curies":[{"name":"wp","href":"https:\/\/api.w.org\/{rel}","templated":true}]}}